{"id":104848,"date":"2012-12-11T00:12:40","date_gmt":"2012-12-11T00:12:40","guid":{"rendered":"http:\/\/www.fuldaer-nachrichten.de\/?p=104848"},"modified":"2012-12-11T06:05:12","modified_gmt":"2012-12-11T06:05:12","slug":"hohe-nachfrage-auf-dem-frankfurter-immobilienmarkt-mietpreise-klettern-weiter-nach-oben","status":"publish","type":"post","link":"https:\/\/www.fuldaernachrichten.de\/?p=104848","title":{"rendered":"Hohe Nachfrage auf dem Frankfurter Immobilienmarkt: Mietpreise klettern weiter nach oben"},"content":{"rendered":"<p>Frankfurt. \u201eDie Attraktivit\u00e4t der Stadt steigt kontinuierlich. Das Angebot an Wohnraum verknappt sich jedoch zusehends. Das dadurch wachsende Spannungsverh\u00e4ltnis ist denkbar ung\u00fcnstig f\u00fcr die wirtschaftliche Entwicklung in Frankfurt. Wir brauchen daher mittelfristig einen Wohnungsmarkt, der der Attraktivit\u00e4t Frankfurts gerecht wird\u201c, sagt Dr. Mathias M\u00fcller, Pr\u00e4sident der IHK Frankfurt, vor dem Hintergrund der Ver\u00f6ffentlichung des neuesten Wohnungsmarktberichtes der Frankfurter Immobilienb\u00f6rse bei der IHK Frankfurt am Main.<br \/>\n<!--more--><br \/>\nWie der aktuelle Wohnungsmarktbericht zeigt, ist die Nachfrage nach Wohnimmobilien im Bezirk der IHK Frankfurt am Main unver\u00e4ndert hoch. Dies hat auch im zur\u00fcckliegenden Jahr wieder zu steigenden Miet- und Kaufpreisen gef\u00fchrt. \u201eDie Suche nach best\u00e4ndigen Wertanlagen und niedrige Zinsen befl\u00fcgeln den Markt weiterhin. Insbesondere die Nachfrage nach Renditeobjekten im Wohnbereich ist unver\u00e4ndert hoch&#8221;, erl\u00e4utert IHK-Pr\u00e4sident Dr. Mathias M\u00fcller.<\/p>\n<p>\u201eVor allem die begehrten innerst\u00e4dtischen Wohngegenden Frankfurts verzeichnen weiterhin Mietpreisanstiege. Beim Wiederverkauf von Eigentumswohnungen sind Preissteigerungen sowohl im Stadtgebiet von Frankfurt am Main als auch im Vordertaunus zu verzeichnen\u201c, sagt Helmut Christmann, Vorstandsvorsitzender der Frankfurter Immobilienb\u00f6rse bei der IHK Frankfurt am Main.<\/p>\n<p>In Frankfurt wird ein erheblicher Nachfrage\u00fcberhang in nahezu allen Segmenten des Wohnimmobilienmarktes deutlich. Weiterhin problematisch bleibt insbesondere das deutlich zu geringe Angebot im unteren Preissegment. \u201eDie Metropolregion FrankfurtRheinMain ist nach wie vor einer der bevorzugten Standorte Deutschlands. Die steigenden Einwohnerzahlen sind ein Beleg f\u00fcr diese Attraktivit\u00e4t der Region als Wohn- und Arbeitsort, die wachsende Nachfrage nach Wohnraum versch\u00e4rft aber die angespannte Situation auf dem Wohnungsmarkt vor allem f\u00fcr Bezieher niedriger und mittlerer Einkommen\u201c, betont Dr. M\u00fcller.<\/p>\n<p>Angesichts dieser Situation forderte der IHK Pr\u00e4sident erst k\u00fcrzlich im Rahmen des Immobilien-Kolloquiums einen runden Tisch der regionalen Akteure, um das Wohnfl\u00e4chenangebot weiter zu optimieren.<\/p>\n<p>Der Wohnungsmarktbericht enth\u00e4lt zu allen Gemeinden der Kreise Hochtaunus und Main-Taunus sowie der Stadt Frankfurt am Main detaillierte Angaben zu Mietwohnungen, Eigentumswohnungen, Reihenh\u00e4usern, Doppelhaush\u00e4lften, Einfamilienh\u00e4usern, Baugrundst\u00fccken sowie zum Jahresmietfaktor. Der vollst\u00e4ndige 77-seitige Marktbericht kann unter www.frankfurt-main.ihk.de\/wohnungsmarktbericht heruntergeladen oder als Printexemplar kostenfrei bestellt werden.<\/p>\n","protected":false},"excerpt":{"rendered":"<div class=\"tmnf_excerpt\"><p>Frankfurt. \u201eDie Attraktivit\u00e4t der Stadt steigt kontinuierlich. Das Angebot an Wohnraum verknappt sich jedoch zusehends. Das dadurch wachsende Spannungsverh\u00e4ltnis ist denkbar ung\u00fcnstig f\u00fcr die wirtschaftliche Entwicklung in Frankfurt. Wir brauchen daher mittelfristig einen Wohnungsmarkt, der der Attraktivit\u00e4t Frankfurts gerecht wird\u201c, sagt Dr. Mathias M\u00fcller, Pr\u00e4sident der IHK Frankfurt, vor dem Hintergrund der Ver\u00f6ffentlichung des neuesten &hellip;<\/p>\n<\/div>","protected":false},"author":1,"featured_media":0,"comment_status":"closed","ping_status":"closed","sticky":false,"template":"","format":"standard","meta":{"footnotes":""},"categories":[1],"tags":[],"class_list":["post-104848","post","type-post","status-publish","format-standard","hentry","category-startseite"],"_links":{"self":[{"href":"https:\/\/www.fuldaernachrichten.de\/index.php?rest_route=\/wp\/v2\/posts\/104848","targetHints":{"allow":["GET"]}}],"collection":[{"href":"https:\/\/www.fuldaernachrichten.de\/index.php?rest_route=\/wp\/v2\/posts"}],"about":[{"href":"https:\/\/www.fuldaernachrichten.de\/index.php?rest_route=\/wp\/v2\/types\/post"}],"author":[{"embeddable":true,"href":"https:\/\/www.fuldaernachrichten.de\/index.php?rest_route=\/wp\/v2\/users\/1"}],"replies":[{"embeddable":true,"href":"https:\/\/www.fuldaernachrichten.de\/index.php?rest_route=%2Fwp%2Fv2%2Fcomments&post=104848"}],"version-history":[{"count":0,"href":"https:\/\/www.fuldaernachrichten.de\/index.php?rest_route=\/wp\/v2\/posts\/104848\/revisions"}],"wp:attachment":[{"href":"https:\/\/www.fuldaernachrichten.de\/index.php?rest_route=%2Fwp%2Fv2%2Fmedia&parent=104848"}],"wp:term":[{"taxonomy":"category","embeddable":true,"href":"https:\/\/www.fuldaernachrichten.de\/index.php?rest_route=%2Fwp%2Fv2%2Fcategories&post=104848"},{"taxonomy":"post_tag","embeddable":true,"href":"https:\/\/www.fuldaernachrichten.de\/index.php?rest_route=%2Fwp%2Fv2%2Ftags&post=104848"}],"curies":[{"name":"wp","href":"https:\/\/api.w.org\/{rel}","templated":true}]}}