{"id":104845,"date":"2012-12-11T00:10:39","date_gmt":"2012-12-11T00:10:39","guid":{"rendered":"http:\/\/www.fuldaer-nachrichten.de\/?p=104845"},"modified":"2012-12-11T06:03:29","modified_gmt":"2012-12-11T06:03:29","slug":"anita-korell-geht-in-den-ruhestand-tanja-dietz-ist-seit-25-jahren-im-offentlichen-dienst","status":"publish","type":"post","link":"https:\/\/www.fuldaernachrichten.de\/?p=104845","title":{"rendered":"Anita Korell geht in den Ruhestand \u2013 Tanja Dietz ist seit 25 Jahren im \u00f6ffentlichen Dienst"},"content":{"rendered":"<p><img decoding=\"async\" class=\"alignleft size-thumbnail wp-image-104846\" title=\"att7fc76\" src=\"http:\/\/www.fuldaer-nachrichten.de\/wp-content\/uploads\/2012\/12\/att7fc76-265x165.jpg\" alt=\"\" width=\"265\" height=\"165\" srcset=\"https:\/\/www.fuldaernachrichten.de\/wp-content\/uploads\/2012\/12\/att7fc76-265x165.jpg 265w, https:\/\/www.fuldaernachrichten.de\/wp-content\/uploads\/2012\/12\/att7fc76.jpg 360w\" sizes=\"(max-width: 265px) 100vw, 265px\" \/>Vogelsbergkreis. Landrat Manfred G\u00f6rig und Erster Kreisbeigeordneter Peter Zielinski haben in einer kleinen Feierstunde Anita Korell in den Ruhestand verabschiedet und Tanja Dietz zum 25-j\u00e4hrigen Dienstjubil\u00e4um gratuliert. Beiden attestiert die Kreisspitze hohe Kompetenz, Teamgeist, Flei\u00df, Flexibilit\u00e4t und Zuverl\u00e4ssigkeit.<!--more--><\/p>\n<p>G\u00fcnter Bastian (Amt f\u00fcr Ordnungsangelegenheiten), Christa Wiese (Hauptamt), Monika Schenker und Kirsten Wegwerth (Volkshochschule), Personalratsvorsitzender Peter Sukdolak und Frauenbeauftragte Conny Hentz-D\u00f6ring schlossen sich den guten W\u00fcnschen an.<\/p>\n<p>Anita Korell, die in Alsfeld wohnt, war 21 Jahre in der Volkshochschule t\u00e4tig. Nach ihrer Ausbildung zur B\u00fcrokauffrau war sie 17 Jahre lang kaufm\u00e4nnische Angestellte, Sekret\u00e4rin und Sachbearbeiterin in der freien Wirtschaft. 1991 kam sie zur Volkshochschule, die damals ein Verein war. Sie blieb bei der Volkshochschule, auch als diese Aufgabe wieder \u201ezur\u00fcck zum Kreis\u201c kam im Jahr 2003. Volkshochschulleiterin Monika Schenker beschrieb \u201edas Organisationstalent Anita Korell\u201c in der Feierstunde als \u201everantwortlich f\u00fcr immer gute Atmosph\u00e4re\u201c, als einf\u00fchlsam und belastbar.<\/p>\n<p>Die in Angersbach wohnende Tanja Dietz begann ihre Ausbildung zur Verwaltungsfachangestellten 1987 beim Magistrat der Stadt Alsfeld. Von 1990 bis 1992 arbeitete sie als Assistentenanw\u00e4rterin beim Regierungspr\u00e4sidium in Gie\u00dfen. Nach ihrer Ernennung zur Assistentin wurde sie zum Vogelsbergkreis versetzt. Sie arbeitet im Amt f\u00fcr Aufsichts- und Ordnungsangelegenheiten. In der Wasserbeh\u00f6rde ist die Oberinspektorin zust\u00e4ndig f\u00fcr kommunale Abwasseranlagen und wasserrechtliche Genehmigungen. \u201eEine wichtige, komplexe und nicht immer konfliktfreie T\u00e4tigkeit\u201c, stellte Landrat G\u00f6rig heraus.<\/p>\n<p>Zum Foto: Jubil\u00e4um und Abschied im Landratsamt \u2013 unser Foto zeigt von links Tanja Dietz, Landrat Manfred G\u00f6rig, Anita Korell und Vizelandrat Peter Zielinski. Foto: Erich Ruhl, Pressestelle Vogelsbergkreis<\/p>\n","protected":false},"excerpt":{"rendered":"<div class=\"tmnf_excerpt\"><p>Vogelsbergkreis. Landrat Manfred G\u00f6rig und Erster Kreisbeigeordneter Peter Zielinski haben in einer kleinen Feierstunde Anita Korell in den Ruhestand verabschiedet und Tanja Dietz zum 25-j\u00e4hrigen Dienstjubil\u00e4um gratuliert. Beiden attestiert die Kreisspitze hohe Kompetenz, Teamgeist, Flei\u00df, Flexibilit\u00e4t und Zuverl\u00e4ssigkeit.<\/p>\n<\/div>","protected":false},"author":1,"featured_media":0,"comment_status":"closed","ping_status":"closed","sticky":false,"template":"","format":"standard","meta":{"footnotes":""},"categories":[1],"tags":[],"class_list":["post-104845","post","type-post","status-publish","format-standard","hentry","category-startseite"],"_links":{"self":[{"href":"https:\/\/www.fuldaernachrichten.de\/index.php?rest_route=\/wp\/v2\/posts\/104845","targetHints":{"allow":["GET"]}}],"collection":[{"href":"https:\/\/www.fuldaernachrichten.de\/index.php?rest_route=\/wp\/v2\/posts"}],"about":[{"href":"https:\/\/www.fuldaernachrichten.de\/index.php?rest_route=\/wp\/v2\/types\/post"}],"author":[{"embeddable":true,"href":"https:\/\/www.fuldaernachrichten.de\/index.php?rest_route=\/wp\/v2\/users\/1"}],"replies":[{"embeddable":true,"href":"https:\/\/www.fuldaernachrichten.de\/index.php?rest_route=%2Fwp%2Fv2%2Fcomments&post=104845"}],"version-history":[{"count":1,"href":"https:\/\/www.fuldaernachrichten.de\/index.php?rest_route=\/wp\/v2\/posts\/104845\/revisions"}],"predecessor-version":[{"id":104847,"href":"https:\/\/www.fuldaernachrichten.de\/index.php?rest_route=\/wp\/v2\/posts\/104845\/revisions\/104847"}],"wp:attachment":[{"href":"https:\/\/www.fuldaernachrichten.de\/index.php?rest_route=%2Fwp%2Fv2%2Fmedia&parent=104845"}],"wp:term":[{"taxonomy":"category","embeddable":true,"href":"https:\/\/www.fuldaernachrichten.de\/index.php?rest_route=%2Fwp%2Fv2%2Fcategories&post=104845"},{"taxonomy":"post_tag","embeddable":true,"href":"https:\/\/www.fuldaernachrichten.de\/index.php?rest_route=%2Fwp%2Fv2%2Ftags&post=104845"}],"curies":[{"name":"wp","href":"https:\/\/api.w.org\/{rel}","templated":true}]}}