{"id":104843,"date":"2012-12-11T00:13:32","date_gmt":"2012-12-11T00:13:32","guid":{"rendered":"http:\/\/www.fuldaer-nachrichten.de\/?p=104843"},"modified":"2012-12-11T06:01:26","modified_gmt":"2012-12-11T06:01:26","slug":"robert-gernhardt-preis-2013-ausgeschrieben","status":"publish","type":"post","link":"https:\/\/www.fuldaernachrichten.de\/?p=104843","title":{"rendered":"Robert Gernhardt Preis 2013 ausgeschrieben"},"content":{"rendered":"<p>Wiesbaden. Ab sofort k\u00f6nnen sich Autorinnen und Autoren aus Hessen um den Robert Gernhardt Preis 2013 bewerben. Die Auszeichnung ist mit insgesamt 24.000 Euro dotiert und soll zwei Autorinnen oder Autoren die Realisierung eines gr\u00f6\u00dferen literarischen Vorhabens erm\u00f6glichen. Der Preis wird seit 2009 vergeben. Er ist nach dem 1937 in Reval geborenen und 2006 in Frankfurt am Main gestorbenen Autor, Zeichner und Maler Robert Gernhardt benannt.<!--more--><br \/>\n\u201eDas Besondere an diesem Preis ist, dass literarische Projekte ausgezeichnet werden, die noch nicht vollendet sind und allein aufgrund der Expos\u00e9s und Textproben die Jury \u00fcberzeugen\u201c, sagte Staatsministerin Eva K\u00fchne-H\u00f6rmann in Wiesbaden. Dieses Konzept habe sich in den vier Jahren, in denen der Preis nun besteht, bew\u00e4hrt: F\u00fcnf der bisher ausgezeichneten Roman- oder Lyrikprojekte seien inzwischen erfolgreich ver\u00f6ffentlicht worden. Die Ministerin dankte dem Preisstifter, der Landesbank Hessen-Th\u00fcringen, f\u00fcr das gro\u00dfe Engagement in der hessischen Autorenf\u00f6rderung: \u201eOhne die Landesbank Hessen-Th\u00fcringen w\u00fcrde es diesen Preis nicht geben.\u201c<\/p>\n<p>Bis 31. M\u00e4rz 2013 (Poststempel) k\u00f6nnen sich Autorinnen und Autoren aus Hessen mit einem bis zu drei Seiten umfassenden Expos\u00e9 ihres literarischen Vorhabens und einer sechsseitigen Textprobe beim Hessischen Ministerium f\u00fcr Wissenschaft und Kunst bewerben (Referat Literaturf\u00f6rderung, Rheinstra\u00dfe 23-25, 65185 Wiesbaden). Voraussetzung sind mindestens zwei selbst\u00e4ndige Ver\u00f6ffentlichungen und der Nachweis des Lebensmittelpunkts in Hessen.<\/p>\n<p>\u00dcber die Vergabe entscheidet eine unabh\u00e4ngige Jury, der die Frankfurter Autorin Eva Demski, der Literaturwissenschaftler Karl-Heinz G\u00f6tze (Professor f\u00fcr deutsche Literatur und Landeskunde an der Universit\u00e4t Aix-en-Provence) und der Frankfurter Literaturkritiker Christoph Schr\u00f6der angeh\u00f6ren. Daneben wirken je ein Vertreter der Wirtschafts- und Infrastrukturbank Hessen, des Hessischen Literaturforums im Mousonturm e.V. und des Hessischen Ministeriums f\u00fcr Wissenschaft und Kunst beratend mit.<\/p>\n","protected":false},"excerpt":{"rendered":"<div class=\"tmnf_excerpt\"><p>Wiesbaden. Ab sofort k\u00f6nnen sich Autorinnen und Autoren aus Hessen um den Robert Gernhardt Preis 2013 bewerben. Die Auszeichnung ist mit insgesamt 24.000 Euro dotiert und soll zwei Autorinnen oder Autoren die Realisierung eines gr\u00f6\u00dferen literarischen Vorhabens erm\u00f6glichen. Der Preis wird seit 2009 vergeben. Er ist nach dem 1937 in Reval geborenen und 2006 in &hellip;<\/p>\n<\/div>","protected":false},"author":1,"featured_media":0,"comment_status":"closed","ping_status":"closed","sticky":false,"template":"","format":"standard","meta":{"footnotes":""},"categories":[1,44],"tags":[],"class_list":["post-104843","post","type-post","status-publish","format-standard","hentry","category-startseite","category-kultur"],"_links":{"self":[{"href":"https:\/\/www.fuldaernachrichten.de\/index.php?rest_route=\/wp\/v2\/posts\/104843","targetHints":{"allow":["GET"]}}],"collection":[{"href":"https:\/\/www.fuldaernachrichten.de\/index.php?rest_route=\/wp\/v2\/posts"}],"about":[{"href":"https:\/\/www.fuldaernachrichten.de\/index.php?rest_route=\/wp\/v2\/types\/post"}],"author":[{"embeddable":true,"href":"https:\/\/www.fuldaernachrichten.de\/index.php?rest_route=\/wp\/v2\/users\/1"}],"replies":[{"embeddable":true,"href":"https:\/\/www.fuldaernachrichten.de\/index.php?rest_route=%2Fwp%2Fv2%2Fcomments&post=104843"}],"version-history":[{"count":0,"href":"https:\/\/www.fuldaernachrichten.de\/index.php?rest_route=\/wp\/v2\/posts\/104843\/revisions"}],"wp:attachment":[{"href":"https:\/\/www.fuldaernachrichten.de\/index.php?rest_route=%2Fwp%2Fv2%2Fmedia&parent=104843"}],"wp:term":[{"taxonomy":"category","embeddable":true,"href":"https:\/\/www.fuldaernachrichten.de\/index.php?rest_route=%2Fwp%2Fv2%2Fcategories&post=104843"},{"taxonomy":"post_tag","embeddable":true,"href":"https:\/\/www.fuldaernachrichten.de\/index.php?rest_route=%2Fwp%2Fv2%2Ftags&post=104843"}],"curies":[{"name":"wp","href":"https:\/\/api.w.org\/{rel}","templated":true}]}}