{"id":104839,"date":"2012-12-11T00:10:18","date_gmt":"2012-12-11T00:10:18","guid":{"rendered":"http:\/\/www.fuldaer-nachrichten.de\/?p=104839"},"modified":"2012-12-11T05:58:51","modified_gmt":"2012-12-11T05:58:51","slug":"schulsekretarinnen-treffen-sich-zum-erfahrungsaustausch","status":"publish","type":"post","link":"https:\/\/www.fuldaernachrichten.de\/?p=104839","title":{"rendered":"Schulsekret\u00e4rinnen treffen sich zum Erfahrungsaustausch"},"content":{"rendered":"<p><img decoding=\"async\" class=\"alignleft size-thumbnail wp-image-104840\" title=\"564-Schulsekreta\u00cc\u02c6rinnen\" src=\"http:\/\/www.fuldaer-nachrichten.de\/wp-content\/uploads\/2012\/12\/564-Schulsekreta\u00cc\u02c6rinnen-265x176.jpg\" alt=\"\" width=\"265\" height=\"176\" \/>Fulda. Da die Schulsekret\u00e4rinnen in der Regel an ihrem Arbeitsplatz allein anzutreffen sind, war die diesj\u00e4hrige Teilpersonalversammlung ein willkommener Anlass zum gegenseitigen Erfahrungsaustausch. Als Novum konnte in diesem Jahr erstmals auch ein Schulsekret\u00e4r begr\u00fc\u00dft werden. Im Anschluss an den T\u00e4tigkeitsbericht des Personalrats nutzte Marion Frohnapfel, Leiterin des Fachdienstes Schulen der Kreisverwaltung, um insbesondere anstehende schulorganisatorische Fragen mit den Mitarbeiterinnen er\u00f6rtern. Der Landkreis Fulda besch\u00e4ftigt als Schultr\u00e4ger rund 60 Personen in den Sekretariaten der Kreisschulen.<\/p>\n","protected":false},"excerpt":{"rendered":"<div class=\"tmnf_excerpt\"><p>Fulda. Da die Schulsekret\u00e4rinnen in der Regel an ihrem Arbeitsplatz allein anzutreffen sind, war die diesj\u00e4hrige Teilpersonalversammlung ein willkommener Anlass zum gegenseitigen Erfahrungsaustausch. Als Novum konnte in diesem Jahr erstmals auch ein Schulsekret\u00e4r begr\u00fc\u00dft werden. Im Anschluss an den T\u00e4tigkeitsbericht des Personalrats nutzte Marion Frohnapfel, Leiterin des Fachdienstes Schulen der Kreisverwaltung, um insbesondere anstehende schulorganisatorische &hellip;<\/p>\n<\/div>","protected":false},"author":1,"featured_media":0,"comment_status":"closed","ping_status":"closed","sticky":false,"template":"","format":"standard","meta":{"footnotes":""},"categories":[1],"tags":[],"class_list":["post-104839","post","type-post","status-publish","format-standard","hentry","category-startseite"],"_links":{"self":[{"href":"https:\/\/www.fuldaernachrichten.de\/index.php?rest_route=\/wp\/v2\/posts\/104839","targetHints":{"allow":["GET"]}}],"collection":[{"href":"https:\/\/www.fuldaernachrichten.de\/index.php?rest_route=\/wp\/v2\/posts"}],"about":[{"href":"https:\/\/www.fuldaernachrichten.de\/index.php?rest_route=\/wp\/v2\/types\/post"}],"author":[{"embeddable":true,"href":"https:\/\/www.fuldaernachrichten.de\/index.php?rest_route=\/wp\/v2\/users\/1"}],"replies":[{"embeddable":true,"href":"https:\/\/www.fuldaernachrichten.de\/index.php?rest_route=%2Fwp%2Fv2%2Fcomments&post=104839"}],"version-history":[{"count":0,"href":"https:\/\/www.fuldaernachrichten.de\/index.php?rest_route=\/wp\/v2\/posts\/104839\/revisions"}],"wp:attachment":[{"href":"https:\/\/www.fuldaernachrichten.de\/index.php?rest_route=%2Fwp%2Fv2%2Fmedia&parent=104839"}],"wp:term":[{"taxonomy":"category","embeddable":true,"href":"https:\/\/www.fuldaernachrichten.de\/index.php?rest_route=%2Fwp%2Fv2%2Fcategories&post=104839"},{"taxonomy":"post_tag","embeddable":true,"href":"https:\/\/www.fuldaernachrichten.de\/index.php?rest_route=%2Fwp%2Fv2%2Ftags&post=104839"}],"curies":[{"name":"wp","href":"https:\/\/api.w.org\/{rel}","templated":true}]}}