{"id":104838,"date":"2012-12-11T00:11:43","date_gmt":"2012-12-11T00:11:43","guid":{"rendered":"http:\/\/www.fuldaer-nachrichten.de\/?p=104838"},"modified":"2012-12-11T05:56:43","modified_gmt":"2012-12-11T05:56:43","slug":"mdl-lenders-fdp-mehr-geld-fur-kinderbetreuung-land-gibt-23-millionen-euro-finanzspritze-fur-stadt-und-kreis","status":"publish","type":"post","link":"https:\/\/www.fuldaernachrichten.de\/?p=104838","title":{"rendered":"MdL Lenders (FDP): Mehr Geld f\u00fcr Kinderbetreuung \u2013 Land gibt 2,3 Millionen Euro Finanzspritze f\u00fcr Stadt und Kreis"},"content":{"rendered":"<p>Fulda. \u201e2013 erh\u00e4lt der Kreis Fulda mehr Geld vom Land f\u00fcr die Kinderbetreuung\u201c, erkl\u00e4rt der Fuldaer Landtagsabgeordnete J\u00fcrgen Lenders. Das Land hatte sich mit den kommunalen Spitzenverb\u00e4nden auf einen Ausgleich bei den Standards in der Kinderbetreuung geeinigt. Nun k\u00f6nnen sich die Kommunen bereits 2013 \u00fcber Ausgleichszahlungen freuen. <!--more--><\/p>\n<p>F\u00fcr die Kommunen im Kreis Fulda gibt es insgesamt mehr als 2,3 Millionen Euro. Davon entfallen u.a. auf die Stadt Fulda 792.000 Euro, auf Flieden 144.000 Euro, 143.700 Euro Petersberg, 141.500 Euro Eichenzell, 139.200 K\u00fcnzell und 131.400 Euro auf die Stadt H\u00fcnfeld.<\/p>\n<p>Diese Zahlungen werden zum Ausgleich f\u00fcr die durch das Land festgesetzte Rahmenbedingungen in der Kinderbetreuung gezahlt. Lenders erl\u00e4utert: \u201eEs ist f\u00fcr uns Liberale wichtig, dass die Qualit\u00e4t in den hessischen Kindertageseinrichtungen stimmt. Deshalb wird durch das 2014 in Kraft tretende hessische Kinderf\u00f6rderungsgesetz mehr Flexibilit\u00e4t in der Gruppenzusammenstellung und mehr Gestaltungsspielraum f\u00fcr die Tr\u00e4ger geschaffen. Dar\u00fcber hinaus werden die Mitbestimmungsrechte der Eltern im Kinderf\u00f6rderungsgesetz gest\u00e4rkt.\u201c<\/p>\n<p>Insgesamt zahlt das Land Hessen 420 Millionen Euro bis zum Jahr 2018 an die Tr\u00e4ger der hessischen Kinderf\u00f6rderungseinrichtungen. Die 2013 flie\u00dfenden Abschlagszahlungen zum Ausgleich betragen landesweit 70 Millionen Euro.<\/p>\n","protected":false},"excerpt":{"rendered":"<div class=\"tmnf_excerpt\"><p>Fulda. \u201e2013 erh\u00e4lt der Kreis Fulda mehr Geld vom Land f\u00fcr die Kinderbetreuung\u201c, erkl\u00e4rt der Fuldaer Landtagsabgeordnete J\u00fcrgen Lenders. Das Land hatte sich mit den kommunalen Spitzenverb\u00e4nden auf einen Ausgleich bei den Standards in der Kinderbetreuung geeinigt. Nun k\u00f6nnen sich die Kommunen bereits 2013 \u00fcber Ausgleichszahlungen freuen.<\/p>\n<\/div>","protected":false},"author":1,"featured_media":0,"comment_status":"closed","ping_status":"closed","sticky":false,"template":"","format":"standard","meta":{"footnotes":""},"categories":[1,29],"tags":[],"class_list":["post-104838","post","type-post","status-publish","format-standard","hentry","category-startseite","category-politik"],"_links":{"self":[{"href":"https:\/\/www.fuldaernachrichten.de\/index.php?rest_route=\/wp\/v2\/posts\/104838","targetHints":{"allow":["GET"]}}],"collection":[{"href":"https:\/\/www.fuldaernachrichten.de\/index.php?rest_route=\/wp\/v2\/posts"}],"about":[{"href":"https:\/\/www.fuldaernachrichten.de\/index.php?rest_route=\/wp\/v2\/types\/post"}],"author":[{"embeddable":true,"href":"https:\/\/www.fuldaernachrichten.de\/index.php?rest_route=\/wp\/v2\/users\/1"}],"replies":[{"embeddable":true,"href":"https:\/\/www.fuldaernachrichten.de\/index.php?rest_route=%2Fwp%2Fv2%2Fcomments&post=104838"}],"version-history":[{"count":0,"href":"https:\/\/www.fuldaernachrichten.de\/index.php?rest_route=\/wp\/v2\/posts\/104838\/revisions"}],"wp:attachment":[{"href":"https:\/\/www.fuldaernachrichten.de\/index.php?rest_route=%2Fwp%2Fv2%2Fmedia&parent=104838"}],"wp:term":[{"taxonomy":"category","embeddable":true,"href":"https:\/\/www.fuldaernachrichten.de\/index.php?rest_route=%2Fwp%2Fv2%2Fcategories&post=104838"},{"taxonomy":"post_tag","embeddable":true,"href":"https:\/\/www.fuldaernachrichten.de\/index.php?rest_route=%2Fwp%2Fv2%2Ftags&post=104838"}],"curies":[{"name":"wp","href":"https:\/\/api.w.org\/{rel}","templated":true}]}}