{"id":104837,"date":"2012-12-11T00:14:12","date_gmt":"2012-12-11T00:14:12","guid":{"rendered":"http:\/\/www.fuldaer-nachrichten.de\/?p=104837"},"modified":"2012-12-11T05:55:25","modified_gmt":"2012-12-11T05:55:25","slug":"konjunkturprognose-hessen-2013-hessische-wirtschaft-trotzt-europa-krise-arbeitsmarkt-weiterhin-stabil","status":"publish","type":"post","link":"https:\/\/www.fuldaernachrichten.de\/?p=104837","title":{"rendered":"Konjunkturprognose Hessen 2013: Hessische Wirtschaft trotzt Europa-Krise; Arbeitsmarkt weiterhin stabil"},"content":{"rendered":"<p>Frankfurt. Die Rezession in Europa bremst die hessische Wirtschaft, von einem konjunkturellen Einbruch kann aber keine Rede sein. \u201eDie gute Nachricht ist, dass die hessische Wirtschaft bisher allen Turbulenzen trotzt und auf Wachstumskurs bleibt. Weder Deutschland noch Hessen d\u00fcrften in eine Rezession abgleiten. Vieles spricht daf\u00fcr, dass die Weltwirtschaft 2013 wieder an Schwung gewinnt und die Wirtschaft in Hessen hiervon profitiert. Flankiert vom Baugewerbe entwickeln derzeit vor allem die Unternehmen aus der Information und Kommunikation sowie spezialisierte Unternehmensdienstleister eine hohe Dynamik und erweisen sich als Wachstumstreiber\u201c. Das erkl\u00e4rte die Pr\u00e4sidentin des Hessischen Statistischen Landesamtes, Dr. Christel Figgener anl\u00e4sslich der Vorstellung der Ergebnisse des Gutachtens \u201eKonjunkturprognose Hessen 2013&#8243;. <!--more--><\/p>\n<p>Die Gemeinschaftsprognose des Hessischen Statistischen Landesamtes, der IHK Arbeitsgemeinschaft Hessen und der Arbeitsgemeinschaft der Hessischen Handwerkskammern wurde heute im Rahmen einer Pressekonferenz vorgestellt. Zudem wurde eine Arbeitsmarktanalyse und -prognose durch die Regionaldirektion Hessen der Bundesagentur f\u00fcr Arbeit und des Instituts f\u00fcr Arbeitsmarkt- und Berufsforschung pr\u00e4sentiert.<\/p>\n<p>Laut Gutachten wird das preisbereinigte Bruttoinlandsprodukt in Hessen im Jahr 2012 voraussichtlich um 1,0 Prozent (Deutschland: plus 0,8 Prozent) gegen\u00fcber dem Vorjahr wachsen. Im Jahr 2013 d\u00fcrfte die hessische Wirtschaft aufgrund einer wieder anspringenden Investitionst\u00e4tigkeit und einer Belebung des Au\u00dfenhandels um 1,3 Prozent (Deutschland: plus 1,0 Prozent) erneut \u00e2\u20ac\u201d und mit Blick auf die rezessive Entwicklung in vielen europ\u00e4ischen Staaten sogar vergleichsweise stark \u00e2\u20ac\u201d wachsen.<\/p>\n<p>Einer nur schwachen Entwicklung im Bereich der Finanz- und Versicherungsdienstleister (plus 0,5 Prozent), stehen vor allem eine positive Entwicklung bei den Unternehmen aus dem Bereich \u201eVerkehr und Lagerei\u201c (plus 3,5 Prozent), der Informations- und Kommunikationssparte (plus 3,2 Prozent) sowie dem Baugewerbe (plus 2,4 Prozent) gegen\u00fcber. Die in Hessen vergleichsweise bedeutenden Unternehmensdienstleister gewinnen ebenfalls stark an Wertsch\u00f6pfung (plus 2,5 Prozent) und stabilisieren die konjunkturelle Entwicklung des Dienstleistungsbereichs. Dieser d\u00fcrfte mit 1,6 Prozent st\u00e4rker wachsen als das Produzierende Gewerbe (1,3 Prozent).<\/p>\n<p><strong>Der hessische Arbeitsmarkt wird auch 2013 \u2013 wie bereits 2012 beobachtet \u2013 einer Seitw\u00e4rtsbewegung folgen.<\/strong><br \/>\n<strong>\u00c2\u00a0<\/strong><br \/>\nDie Regionaldirektion Hessen und das IAB Hessen gehen f\u00fcr das Jahr 2013 von einer leichten Zunahme der Arbeitslosigkeit aus. Gleichzeitig wird ein Anstieg der Besch\u00e4ftigung erwartet. Die Wissenschaftler des IAB sehen die Arbeitslosigkeit um rund 3000 Personen ansteigen; somit wer-den in Hessen im Jahresdurchschnitt 181 000 Arbeitslose erwartet. Die Zahl der sozialversicherungspflichtig Besch\u00e4ftigten wird auf rund 2 300 000 anwachsen (rund 20 000 oder knapp 1,0 Prozent).<\/p>\n<p>\u201eNach unseren Prognosen bleibt der hessische Arbeitsmarkt stabil, auch wenn die aktuell verf\u00fcg-baren Fr\u00fchindikatoren Risiken erkennen lassen. Den Aufbau der sozialversicherungspflichtigen Besch\u00e4ftigung bei einem gleichzeitigen Stagnieren bzw. Ansteigen der Arbeitslosenzahlen beobachten wir seit einiger Zeit. Diese auf den ersten Blick widerspr\u00fcchliche Entwicklung l\u00e4sst sich durch eine Reduzierung der Stillen Reserve, also der Personen, die trotz Arbeitsf\u00e4higkeit sich dem Arbeitsmarkt nicht zur Verf\u00fcgung stellen, sowie Zuwanderung erkl\u00e4ren\u201c, so Frank Martin, Leiter der Regionaldirektion Hessen.<\/p>\n<p><strong>Hintergrundinformation<\/strong><br \/>\nInformationen zu diesem Thema finden Sie auch im Internet unter: www.statistik-hessen.de. Dort kann die \u201eKonjunkturprognose Hessen 2013\u201c kostenlos als PDF-Datei heruntergeladen werden. Die Printversion kann zum Preis von 10.00 Euro (inklusive Versandkosten) per E-Mail (vertrieb@statistik-hessen.de) oder \u00fcber das Webformular bestellt werden http:\/\/www.statistik-hessen.de\/publikationen\/download\/520\/index.html.<\/p>\n","protected":false},"excerpt":{"rendered":"<div class=\"tmnf_excerpt\"><p>Frankfurt. Die Rezession in Europa bremst die hessische Wirtschaft, von einem konjunkturellen Einbruch kann aber keine Rede sein. \u201eDie gute Nachricht ist, dass die hessische Wirtschaft bisher allen Turbulenzen trotzt und auf Wachstumskurs bleibt. Weder Deutschland noch Hessen d\u00fcrften in eine Rezession abgleiten. Vieles spricht daf\u00fcr, dass die Weltwirtschaft 2013 wieder an Schwung gewinnt und &hellip;<\/p>\n<\/div>","protected":false},"author":1,"featured_media":0,"comment_status":"closed","ping_status":"closed","sticky":false,"template":"","format":"standard","meta":{"footnotes":""},"categories":[1,53],"tags":[],"class_list":["post-104837","post","type-post","status-publish","format-standard","hentry","category-startseite","category-bildung"],"_links":{"self":[{"href":"https:\/\/www.fuldaernachrichten.de\/index.php?rest_route=\/wp\/v2\/posts\/104837","targetHints":{"allow":["GET"]}}],"collection":[{"href":"https:\/\/www.fuldaernachrichten.de\/index.php?rest_route=\/wp\/v2\/posts"}],"about":[{"href":"https:\/\/www.fuldaernachrichten.de\/index.php?rest_route=\/wp\/v2\/types\/post"}],"author":[{"embeddable":true,"href":"https:\/\/www.fuldaernachrichten.de\/index.php?rest_route=\/wp\/v2\/users\/1"}],"replies":[{"embeddable":true,"href":"https:\/\/www.fuldaernachrichten.de\/index.php?rest_route=%2Fwp%2Fv2%2Fcomments&post=104837"}],"version-history":[{"count":0,"href":"https:\/\/www.fuldaernachrichten.de\/index.php?rest_route=\/wp\/v2\/posts\/104837\/revisions"}],"wp:attachment":[{"href":"https:\/\/www.fuldaernachrichten.de\/index.php?rest_route=%2Fwp%2Fv2%2Fmedia&parent=104837"}],"wp:term":[{"taxonomy":"category","embeddable":true,"href":"https:\/\/www.fuldaernachrichten.de\/index.php?rest_route=%2Fwp%2Fv2%2Fcategories&post=104837"},{"taxonomy":"post_tag","embeddable":true,"href":"https:\/\/www.fuldaernachrichten.de\/index.php?rest_route=%2Fwp%2Fv2%2Ftags&post=104837"}],"curies":[{"name":"wp","href":"https:\/\/api.w.org\/{rel}","templated":true}]}}