{"id":104831,"date":"2012-12-10T08:41:26","date_gmt":"2012-12-10T08:41:26","guid":{"rendered":"http:\/\/www.fuldaer-nachrichten.de\/?p=104831"},"modified":"2012-12-10T08:41:26","modified_gmt":"2012-12-10T08:41:26","slug":"jordan-cup-marbach-unterliegt-eichenzell-mit-5-16","status":"publish","type":"post","link":"https:\/\/www.fuldaernachrichten.de\/?p=104831","title":{"rendered":"JORDAN CUP: Marbach unterliegt Eichenzell mit 5-16"},"content":{"rendered":"<p><img decoding=\"async\" class=\"alignleft size-thumbnail wp-image-104832\" title=\"IMG_2957\" src=\"http:\/\/www.fuldaer-nachrichten.de\/wp-content\/uploads\/2012\/12\/IMG_2957-265x140.jpg\" alt=\"\" width=\"265\" height=\"140\" srcset=\"https:\/\/www.fuldaernachrichten.de\/wp-content\/uploads\/2012\/12\/IMG_2957-265x140.jpg 265w, https:\/\/www.fuldaernachrichten.de\/wp-content\/uploads\/2012\/12\/IMG_2957.jpg 600w\" sizes=\"(max-width: 265px) 100vw, 265px\" \/>Fulda. Am 7. Spieltag des in der Tennishalle des TC Gr\u00fcn-Wei\u00df Fulda ausgetragenen JORDAN CUP\u00c2\u00a0 trafen der TC Marbach und der TC Eichenzell aufeinander. W\u00e4hrend Marbach in den Einzeln weitestgehend unterlegen war, wurde es in den Doppeln nochmal richtig spannend. 15 Minuten nach Mitternacht stand dann jedoch der 16:5-Sieg der Eichenzeller fest.<!--more--><\/p>\n<p>Beide Teams hatten ihre Saisonauftaktmatches verloren. Zun\u00e4chst hatte Eichenzell die besseren Aussichten, diese Bilanz zu verbessern. Die Marbacherinnen Isabel Hahner und Desiree Lang verloren ihre Einzel gegen Luca M\u00fcller und Susanne Bachmann jeweils in zwei S\u00e4tzen. Ann-Kathrin Seifert k\u00e4mpfte z\u00e4h, allerdings steigerte sich ihre Eichenzellerin Gegnerin Pia Jakobson im 3. Satz deutlich und siegte mit 6-2 6-7 6-0. Bei den Herren erledigte der Eichenzeller Philipp Ulrich seine Aufgabe gegen Timo Wei\u00df z\u00fcgig. Auch Eichenzells Mannschaftsf\u00fchrer Frank Sommer hatte beim 6-0 6-2 gegen Maximilian Keil kaum Probleme. Der Marbacher Fabian Hillenbrand verhinderte dann jedoch den vorzeitigen Eichenzeller Gesamtsieg und holte in einem harten Kampf mit 2-6 6-0 6-4 gegen Daniel Bayer die ersten Punkte f\u00fcr sein Team.<\/p>\n<p>Beim Stand von 2-10 nach den Einzeln gen\u00fcgte Eichenzell somit zum Erlangen des Gesamtsiegs ein Sieg in einem der drei anstehenden Mixed-Doppel. Marbach jedoch disponierte geschickt und hielt die Partie noch lange offen. Hahner\/Hillenbrand besiegten in einem der knappsten Duelle der Saison Bachmann\/Ulrich mit 6-3 3-6 11-9 und holten damit weitere wichtige Punkte f\u00fcr Marbach. Seifert\/Keil unterlagen allerdings dem Eichenzeller Duo Jakobson\/Patrick Seifert mit 2-6 3-6, was Eichenzell den Gesamtsieg bescherte. Im dritten Doppel zeigten die Marbacher Lang\/Wei\u00df gegen M\u00fcller\/Bayer viel Bi\u00df, unterlagen aber knapp mit 7-5 4-6 7-10. Eichenzell erobert mit dem Sieg den 3. Tabellenrang vor dem TV Brauerschwend, w\u00e4hrend Marbach hinter Dipperz auf den letzten Tabellenrang zur\u00fcckf\u00e4llt.<\/p>\n<p>Nach dem 7. Spieltag ist somit das erste Drittel des JORDAN CUP 2012\/13 absolviert. Alle Teams haben zwei Matches auf dem Konto. \u201eDie Liga ist in diesem Jahr sehr ausgeglichen\u201c, freut sich Spielleiter und GW-Vorsitzender Karsten A\u00dfmann und betont, dass s\u00e4mtliche Matches erst gegen Ende der Doppel, teilweise sogar erst mit den letzten Ballwechseln des Abends entschieden wurden. Liga-Sponsor Prof. Dr. Lothar Jordan zieht ebenfalls eine positive Zwischenbilanz: \u201eIch bin sehr froh, durch den Cup die jungen und die erfahrenen Sportler f\u00f6rdern zu k\u00f6nnen. Als passionierter Tennisspieler bin ich dar\u00fcberhinaus begeistert, wie intensiv und engagiert sich die Spielerinnen und Spieler einbringen.\u201c<\/p>\n<p>Am kommenden Samstag, dem 15. Dezember 2012, treten um 18 Uhr Flieden\/Schl\u00fcchtern und der TC Dipperz gegeneinander. W\u00e4hrend Flieden\/Schl\u00fcchtern die Tabellenf\u00fchrung weiter ausbauen m\u00f6chte, hofft Dipperz gegen den Favoriten auf die Sensation. Alle weiteren Informationen zum JORDAN CUP stehen online bereit unter <a href=\"http:\/\/www.facebook.com\/tennis.winter\">www.facebook.com\/tennis.winter<\/a> sowie <a href=\"http:\/\/www.jordancup.de\" target=\"_blank\">www.jordancup.de<\/a>.<\/p>\n<p>Foto oben von links: Isabel Hahner, Ann-Kathrin Seifert, Desiree Catrin Lang, Timo Wei\u00df, Maximilian Keil, Fabian Hillenbrand (alle Marbach); unten von links: Luca M\u00fcller, Pia Denice Jakobson, Susanne Bachmann, Philipp Ulrich, Frank Sommer, Daniel Bayer (alle Eichenzell); es fehlt: Patrick Seifert (Eichenzell)<\/p>\n<p>&nbsp;<\/p>\n","protected":false},"excerpt":{"rendered":"<div class=\"tmnf_excerpt\"><p>Fulda. Am 7. Spieltag des in der Tennishalle des TC Gr\u00fcn-Wei\u00df Fulda ausgetragenen JORDAN CUP\u00c2\u00a0 trafen der TC Marbach und der TC Eichenzell aufeinander. W\u00e4hrend Marbach in den Einzeln weitestgehend unterlegen war, wurde es in den Doppeln nochmal richtig spannend. 15 Minuten nach Mitternacht stand dann jedoch der 16:5-Sieg der Eichenzeller fest.<\/p>\n<\/div>","protected":false},"author":1,"featured_media":0,"comment_status":"closed","ping_status":"closed","sticky":false,"template":"","format":"standard","meta":{"footnotes":""},"categories":[1,46],"tags":[],"class_list":["post-104831","post","type-post","status-publish","format-standard","hentry","category-startseite","category-sport"],"_links":{"self":[{"href":"https:\/\/www.fuldaernachrichten.de\/index.php?rest_route=\/wp\/v2\/posts\/104831","targetHints":{"allow":["GET"]}}],"collection":[{"href":"https:\/\/www.fuldaernachrichten.de\/index.php?rest_route=\/wp\/v2\/posts"}],"about":[{"href":"https:\/\/www.fuldaernachrichten.de\/index.php?rest_route=\/wp\/v2\/types\/post"}],"author":[{"embeddable":true,"href":"https:\/\/www.fuldaernachrichten.de\/index.php?rest_route=\/wp\/v2\/users\/1"}],"replies":[{"embeddable":true,"href":"https:\/\/www.fuldaernachrichten.de\/index.php?rest_route=%2Fwp%2Fv2%2Fcomments&post=104831"}],"version-history":[{"count":1,"href":"https:\/\/www.fuldaernachrichten.de\/index.php?rest_route=\/wp\/v2\/posts\/104831\/revisions"}],"predecessor-version":[{"id":104833,"href":"https:\/\/www.fuldaernachrichten.de\/index.php?rest_route=\/wp\/v2\/posts\/104831\/revisions\/104833"}],"wp:attachment":[{"href":"https:\/\/www.fuldaernachrichten.de\/index.php?rest_route=%2Fwp%2Fv2%2Fmedia&parent=104831"}],"wp:term":[{"taxonomy":"category","embeddable":true,"href":"https:\/\/www.fuldaernachrichten.de\/index.php?rest_route=%2Fwp%2Fv2%2Fcategories&post=104831"},{"taxonomy":"post_tag","embeddable":true,"href":"https:\/\/www.fuldaernachrichten.de\/index.php?rest_route=%2Fwp%2Fv2%2Ftags&post=104831"}],"curies":[{"name":"wp","href":"https:\/\/api.w.org\/{rel}","templated":true}]}}