{"id":104819,"date":"2012-12-10T00:12:02","date_gmt":"2012-12-10T00:12:02","guid":{"rendered":"http:\/\/www.fuldaer-nachrichten.de\/?p=104819"},"modified":"2012-12-10T08:31:04","modified_gmt":"2012-12-10T08:31:04","slug":"fuldaer-spd-am-bundesparteitag-in-hannover-im-gepack-ein-antrag-zur-rente","status":"publish","type":"post","link":"https:\/\/www.fuldaernachrichten.de\/?p=104819","title":{"rendered":"Fuldaer SPD beim Bundesparteitag in Hannover &#8211; Im Gep\u00e4ck ein Antrag zur Rente"},"content":{"rendered":"<p><img decoding=\"async\" class=\"alignleft size-thumbnail wp-image-104822\" title=\"DSC00897\" src=\"http:\/\/www.fuldaer-nachrichten.de\/wp-content\/uploads\/2012\/12\/DSC00897-265x176.jpg\" alt=\"\" width=\"265\" height=\"176\" srcset=\"https:\/\/www.fuldaernachrichten.de\/wp-content\/uploads\/2012\/12\/DSC00897-265x176.jpg 265w, https:\/\/www.fuldaernachrichten.de\/wp-content\/uploads\/2012\/12\/DSC00897.jpg 592w\" sizes=\"(max-width: 265px) 100vw, 265px\" \/>Fulda\/Hannover. Eine 6-k\u00f6pfige Delegation der Fuldaer SPD machte sich am Samstagmorgen auf den Weg zum Bundesparteitag in Hannover. Mit im Gep\u00e4ck hatten die Fuldaer einen Antrag zur Rentenversicherung, der auf der j\u00fcngsten Sitzung einstimmig im Unterbezirksvorstand beschlossen wurde.<\/p>\n<p>Die SPD in Fulda fordert mit ihrem Antrag, dass die geplante Absenkung des Rentenniveaus auf 43% des Bruttolohnes gepr\u00fcft wird, denn das widerspreche den Grundwerten Freiheit, Gerechtigkeit und Solidarit\u00e4t\u00e2\u20ac\u00a6und k\u00f6nne daher nicht Bestandteil sozialdemokratischen Handelns sein. Wie in einem B\u00fcrgerversicherungssystem wollen die Sozialdemokraten weitere Einkommens- und Bev\u00f6lkerungsgruppen in die Rentenversicherung mit einbeziehen. Auch die Anrechnung der Kindererziehungszeiten auf die Rente von Frauen &#8211; zuk\u00fcnftig einheitlich mit drei Beitragspunkten pro Kind, unabh\u00e4ngig davon, ob Kinder vor oder nach 1992 geboren worden sind &#8211; sei gew\u00fcnscht.<\/p>\n<p><img decoding=\"async\" class=\"alignnone size-thumbnail wp-image-104821\" title=\"DSC00892\" src=\"http:\/\/www.fuldaer-nachrichten.de\/wp-content\/uploads\/2012\/12\/DSC00892-265x176.jpg\" alt=\"\" width=\"265\" height=\"176\" srcset=\"https:\/\/www.fuldaernachrichten.de\/wp-content\/uploads\/2012\/12\/DSC00892-265x176.jpg 265w, https:\/\/www.fuldaernachrichten.de\/wp-content\/uploads\/2012\/12\/DSC00892.jpg 592w\" sizes=\"(max-width: 265px) 100vw, 265px\" \/> <img decoding=\"async\" class=\"alignnone size-thumbnail wp-image-104820\" title=\"DSC00890\" src=\"http:\/\/www.fuldaer-nachrichten.de\/wp-content\/uploads\/2012\/12\/DSC00890-265x176.jpg\" alt=\"\" width=\"265\" height=\"176\" srcset=\"https:\/\/www.fuldaernachrichten.de\/wp-content\/uploads\/2012\/12\/DSC00890-265x176.jpg 265w, https:\/\/www.fuldaernachrichten.de\/wp-content\/uploads\/2012\/12\/DSC00890.jpg 592w\" sizes=\"(max-width: 265px) 100vw, 265px\" \/><\/p>\n<p>\u201eDieser Antrag ist uns sehr wichtig. Wir vertreten damit nicht nur die Interessen der Fuldaerinnen und Fuldaer, sondern auch die vieler Menschen im gesamten Bundesgebiet.\u00c2\u00a0 Ein kontinuierlich ausgeweiteter Niedriglohnsektor, der Missbrauch von Zeit- und Leiharbeit und die fehlende Regulierung von Werkvertr\u00e4gen hat dazu gef\u00fchrt, dass bereits heute nicht wenige Arbeitnehmerinnen und Arbeitnehmer an der Armutsgrenze leben bzw. nur als sogenannte \u201eAufstocker\u201c\u00c2\u00a0 \u00fcberleben k\u00f6nnen. Bei einer Absenkung des Rentenniveaus auf 43% w\u00e4re f\u00fcr viele Menschen in unserem Land die Altersarmut vorprogrammiert\u201c, begr\u00fcndet die Unterbezirksvorsitzende und Landtagsabgeordnete, Sabine Waschke, den Antrag.<\/p>\n<p>Die Bundestagskandidatin, Birgit K\u00f6mpel, erg\u00e4nzt hierzu: \u201eViele Frauen waren aufgrund von fehlender Infrastruktur vor den 90-iger Jahren gar nicht dazu in der Lage, einer Besch\u00e4ftigung nachzugehen. Es fehlte (und es fehlt \u00c2\u00a0immer noch) an einem entsprechenden Angebot f\u00fcr Kinderbetreuung und an Arbeitspl\u00e4tzen auf Teilzeitbasis. Deshalb finden wir es wichtig, dass auch die bereits \u00e4lteren Frauen ein Anrecht auf die Anerkennung ihrer Erziehungszeiten bekommen.\u201c<\/p>\n<p>\u201eHier herrscht eine Super-Aufbruch-Stimmung!\u201c, so die Fuldaer Delegierten der SPD, Edith Bing und Renata Schirmer. Gerade bei den Delegierten aus Hessen und Niedersachsen sehe man motivierte Gesichter \u2013 denn die neuesten Umfragen deuteten auf einen klaren Wechsel in den jeweils Schwarz\/Gelb-gef\u00fchrten Bundesl\u00e4ndern an.<\/p>\n<p>&nbsp;<\/p>\n","protected":false},"excerpt":{"rendered":"<div class=\"tmnf_excerpt\"><p>Fulda\/Hannover. Eine 6-k\u00f6pfige Delegation der Fuldaer SPD machte sich am Samstagmorgen auf den Weg zum Bundesparteitag in Hannover. Mit im Gep\u00e4ck hatten die Fuldaer einen Antrag zur Rentenversicherung, der auf der j\u00fcngsten Sitzung einstimmig im Unterbezirksvorstand beschlossen wurde. Die SPD in Fulda fordert mit ihrem Antrag, dass die geplante Absenkung des Rentenniveaus auf 43% des &hellip;<\/p>\n<\/div>","protected":false},"author":1,"featured_media":0,"comment_status":"closed","ping_status":"closed","sticky":false,"template":"","format":"standard","meta":{"footnotes":""},"categories":[1,29],"tags":[],"class_list":["post-104819","post","type-post","status-publish","format-standard","hentry","category-startseite","category-politik"],"_links":{"self":[{"href":"https:\/\/www.fuldaernachrichten.de\/index.php?rest_route=\/wp\/v2\/posts\/104819","targetHints":{"allow":["GET"]}}],"collection":[{"href":"https:\/\/www.fuldaernachrichten.de\/index.php?rest_route=\/wp\/v2\/posts"}],"about":[{"href":"https:\/\/www.fuldaernachrichten.de\/index.php?rest_route=\/wp\/v2\/types\/post"}],"author":[{"embeddable":true,"href":"https:\/\/www.fuldaernachrichten.de\/index.php?rest_route=\/wp\/v2\/users\/1"}],"replies":[{"embeddable":true,"href":"https:\/\/www.fuldaernachrichten.de\/index.php?rest_route=%2Fwp%2Fv2%2Fcomments&post=104819"}],"version-history":[{"count":0,"href":"https:\/\/www.fuldaernachrichten.de\/index.php?rest_route=\/wp\/v2\/posts\/104819\/revisions"}],"wp:attachment":[{"href":"https:\/\/www.fuldaernachrichten.de\/index.php?rest_route=%2Fwp%2Fv2%2Fmedia&parent=104819"}],"wp:term":[{"taxonomy":"category","embeddable":true,"href":"https:\/\/www.fuldaernachrichten.de\/index.php?rest_route=%2Fwp%2Fv2%2Fcategories&post=104819"},{"taxonomy":"post_tag","embeddable":true,"href":"https:\/\/www.fuldaernachrichten.de\/index.php?rest_route=%2Fwp%2Fv2%2Ftags&post=104819"}],"curies":[{"name":"wp","href":"https:\/\/api.w.org\/{rel}","templated":true}]}}