{"id":104815,"date":"2012-12-10T00:10:44","date_gmt":"2012-12-10T00:10:44","guid":{"rendered":"http:\/\/www.fuldaer-nachrichten.de\/?p=104815"},"modified":"2012-12-10T08:11:54","modified_gmt":"2012-12-10T08:11:54","slug":"okumenische-bahnhofsmission-freut-sich-uber-spende","status":"publish","type":"post","link":"https:\/\/www.fuldaernachrichten.de\/?p=104815","title":{"rendered":"\u00d6kumenische Bahnhofsmission freut sich \u00fcber Spende"},"content":{"rendered":"<p><img decoding=\"async\" class=\"alignleft size-thumbnail wp-image-104816\" title=\"003 RCV BM Sch\u00fctzeSeifert 061212 wim\" src=\"http:\/\/www.fuldaer-nachrichten.de\/wp-content\/uploads\/2012\/12\/003-RCV-BM-Sch\u00fctzeSeifert-061212-wim-265x168.jpg\" alt=\"\" width=\"265\" height=\"168\" \/>Fulda. Seit mehr als zehn Jahren unterst\u00fctzt die Firma Sch\u00fctze und Seifert aus Fulda die \u00f6kumenische Bahnhofsmission mit Material-, Dienstleistungs- und Geldspenden. Waren es in der Vergangenheit Bekleidung und Schuhwerk oder die Renovierung der R\u00e4ume der Fuldaer Bahnhofsmission, so konnten jetzt die Gesch\u00e4ftsf\u00fchrer Walther Sch\u00fctze und Matthias Seifert, der seit dem Jahre 1992 in Fulda ans\u00e4ssigen Firma, eine Spendenscheck in H\u00f6he von 500 Euro an die Leiterin Monika Niestroj \u00fcberreichen. <!--more--><\/p>\n<p>Durch pers\u00f6nliche Bekanntschaft und die r\u00e4umliche N\u00e4he habe sich der Kontakt ergeben, so Walther Sch\u00fctze. Er bewundere die Ehrenamtlichen, die Woche f\u00fcr Woche ihren Dienst am Menschen t\u00e4ten, sich viele Sorgen anh\u00f6ren und Not lindern w\u00fcrden. Deshalb unterst\u00fctze man auch die Bahnhofsmission in Gie\u00dfen, so Matthias Seifert, Dort unterh\u00e4lt der Dienstleister f\u00fcr\u00c2\u00a0 Arbeitnehmer\u00fcberlassung und Arbeitsvermittlung einen Zweigbetrieb. Im Namen der Tr\u00e4ger Caritas und Diakonie Fulda dankte die Leiterin Monika Niestroj f\u00fcr die regelm\u00e4\u00dfige Unterst\u00fctzung durch Sch\u00fctze und Seifert und betonte, dass sich zur Aufrechterhaltung der \u00d6ffnungszeiten die \u00f6kumenische Bahnhofsmission weitere Ehrenamtliche w\u00fcnsche.<\/p>\n<p>Foto: Caritasverband Fulda\/ Winfried M\u00f6ller<\/p>\n","protected":false},"excerpt":{"rendered":"<div class=\"tmnf_excerpt\"><p>Fulda. Seit mehr als zehn Jahren unterst\u00fctzt die Firma Sch\u00fctze und Seifert aus Fulda die \u00f6kumenische Bahnhofsmission mit Material-, Dienstleistungs- und Geldspenden. Waren es in der Vergangenheit Bekleidung und Schuhwerk oder die Renovierung der R\u00e4ume der Fuldaer Bahnhofsmission, so konnten jetzt die Gesch\u00e4ftsf\u00fchrer Walther Sch\u00fctze und Matthias Seifert, der seit dem Jahre 1992 in Fulda &hellip;<\/p>\n<\/div>","protected":false},"author":1,"featured_media":0,"comment_status":"closed","ping_status":"closed","sticky":false,"template":"","format":"standard","meta":{"footnotes":""},"categories":[1,50],"tags":[],"class_list":["post-104815","post","type-post","status-publish","format-standard","hentry","category-startseite","category-kirche"],"_links":{"self":[{"href":"https:\/\/www.fuldaernachrichten.de\/index.php?rest_route=\/wp\/v2\/posts\/104815","targetHints":{"allow":["GET"]}}],"collection":[{"href":"https:\/\/www.fuldaernachrichten.de\/index.php?rest_route=\/wp\/v2\/posts"}],"about":[{"href":"https:\/\/www.fuldaernachrichten.de\/index.php?rest_route=\/wp\/v2\/types\/post"}],"author":[{"embeddable":true,"href":"https:\/\/www.fuldaernachrichten.de\/index.php?rest_route=\/wp\/v2\/users\/1"}],"replies":[{"embeddable":true,"href":"https:\/\/www.fuldaernachrichten.de\/index.php?rest_route=%2Fwp%2Fv2%2Fcomments&post=104815"}],"version-history":[{"count":0,"href":"https:\/\/www.fuldaernachrichten.de\/index.php?rest_route=\/wp\/v2\/posts\/104815\/revisions"}],"wp:attachment":[{"href":"https:\/\/www.fuldaernachrichten.de\/index.php?rest_route=%2Fwp%2Fv2%2Fmedia&parent=104815"}],"wp:term":[{"taxonomy":"category","embeddable":true,"href":"https:\/\/www.fuldaernachrichten.de\/index.php?rest_route=%2Fwp%2Fv2%2Fcategories&post=104815"},{"taxonomy":"post_tag","embeddable":true,"href":"https:\/\/www.fuldaernachrichten.de\/index.php?rest_route=%2Fwp%2Fv2%2Ftags&post=104815"}],"curies":[{"name":"wp","href":"https:\/\/api.w.org\/{rel}","templated":true}]}}