{"id":104813,"date":"2012-12-11T00:11:57","date_gmt":"2012-12-11T00:11:57","guid":{"rendered":"http:\/\/www.fuldaer-nachrichten.de\/?p=104813"},"modified":"2012-12-10T08:09:31","modified_gmt":"2012-12-10T08:09:31","slug":"englisch-fur-wiedereinsteiger-vhs-auffrischungskurs-an-drei-tagen-in-den-weihnachtsferien","status":"publish","type":"post","link":"https:\/\/www.fuldaernachrichten.de\/?p=104813","title":{"rendered":"Englisch f\u00fcr Wiedereinsteiger &#8211; vhs-Auffrischungskurs an drei Tagen in den Weihnachtsferien"},"content":{"rendered":"<p>Fulda. Bei einem Kurs der Volkshochschule des Landkreises Fulda an drei Intensivtagen in den Weihnachtsferien wird Interessenten mit vorhandenen und schon vergessen geglaubten Englischkenntnissen die M\u00f6glichkeit geboten, diese aufzufrischen und gegebenenfalls zu erweitern. Das soll durch grammatikalische \u00dcbungen, Lesen einfacher Texte und nat\u00fcrlich durch Sprechen erreicht werden. Der Kurs beginnt am Mittwoch, 2. Januar 2013, um 16.30 Uhr im Georg-Stieler-Haus, Gallasiniring 1, in Fulda. Informationen und Anmeldungen bei der vhs-Gesch\u00e4ftsstelle, Gallasiniring 30, 36043 Fulda, Telefon (0661)25199-0, oder unter <a href=\"http:\/\/www.vhs-fulda.de\/\">www.vhs-fulda.de<\/a>.<\/p>\n","protected":false},"excerpt":{"rendered":"<div class=\"tmnf_excerpt\"><p>Fulda. Bei einem Kurs der Volkshochschule des Landkreises Fulda an drei Intensivtagen in den Weihnachtsferien wird Interessenten mit vorhandenen und schon vergessen geglaubten Englischkenntnissen die M\u00f6glichkeit geboten, diese aufzufrischen und gegebenenfalls zu erweitern. Das soll durch grammatikalische \u00dcbungen, Lesen einfacher Texte und nat\u00fcrlich durch Sprechen erreicht werden. Der Kurs beginnt am Mittwoch, 2. Januar 2013, &hellip;<\/p>\n<\/div>","protected":false},"author":1,"featured_media":0,"comment_status":"closed","ping_status":"closed","sticky":false,"template":"","format":"standard","meta":{"footnotes":""},"categories":[1,53],"tags":[],"class_list":["post-104813","post","type-post","status-publish","format-standard","hentry","category-startseite","category-bildung"],"_links":{"self":[{"href":"https:\/\/www.fuldaernachrichten.de\/index.php?rest_route=\/wp\/v2\/posts\/104813","targetHints":{"allow":["GET"]}}],"collection":[{"href":"https:\/\/www.fuldaernachrichten.de\/index.php?rest_route=\/wp\/v2\/posts"}],"about":[{"href":"https:\/\/www.fuldaernachrichten.de\/index.php?rest_route=\/wp\/v2\/types\/post"}],"author":[{"embeddable":true,"href":"https:\/\/www.fuldaernachrichten.de\/index.php?rest_route=\/wp\/v2\/users\/1"}],"replies":[{"embeddable":true,"href":"https:\/\/www.fuldaernachrichten.de\/index.php?rest_route=%2Fwp%2Fv2%2Fcomments&post=104813"}],"version-history":[{"count":0,"href":"https:\/\/www.fuldaernachrichten.de\/index.php?rest_route=\/wp\/v2\/posts\/104813\/revisions"}],"wp:attachment":[{"href":"https:\/\/www.fuldaernachrichten.de\/index.php?rest_route=%2Fwp%2Fv2%2Fmedia&parent=104813"}],"wp:term":[{"taxonomy":"category","embeddable":true,"href":"https:\/\/www.fuldaernachrichten.de\/index.php?rest_route=%2Fwp%2Fv2%2Fcategories&post=104813"},{"taxonomy":"post_tag","embeddable":true,"href":"https:\/\/www.fuldaernachrichten.de\/index.php?rest_route=%2Fwp%2Fv2%2Ftags&post=104813"}],"curies":[{"name":"wp","href":"https:\/\/api.w.org\/{rel}","templated":true}]}}