{"id":104812,"date":"2012-12-10T08:08:46","date_gmt":"2012-12-10T08:08:46","guid":{"rendered":"http:\/\/www.fuldaer-nachrichten.de\/?p=104812"},"modified":"2012-12-10T08:08:46","modified_gmt":"2012-12-10T08:08:46","slug":"was-ist-mit-konjunkturfordermittel-passiert-werkschau-im-foyer-des-landratsamtes","status":"publish","type":"post","link":"https:\/\/www.fuldaernachrichten.de\/?p=104812","title":{"rendered":"Was ist mit Konjunkturf\u00f6rdermittel passiert? Werkschau im Foyer des Landratsamtes"},"content":{"rendered":"<p>Fulda. Aus dem vom Bund und von den L\u00e4ndern aufgelegten Konjunkturprogramm zur Belebung der Wirtschaft sind 62,4 Millionen Euro an F\u00f6rdermitteln in \u00fcber 80 Investitionsvorhaben des Landkreises und der Stadt Fulda geflossen. Eine Werkschau, die vom 25. Oktober bis 9. November im \u00dcWAG-Kundenzentrum zu sehen war, informiert dar\u00fcber, was mit Hilfe der Konjunkturf\u00f6rdermittel an wichtigen Infrastruktureinrichtungen in der Region entstanden ist. Bis zu den Weihnachtsfeiertagen wird die Ausstellung, f\u00fcr die gemeinsam der Landkreis und die Stadt Fulda sowie der Bund Deutscher Architekten und die Vereinigung Freischaffender Architekten Deutschlands verantwortlich zeichnen, noch einmal im Foyer des Fuldaer Landratsamts gezeigt.<!--more--><\/p>\n<p>Insgesamt sind 55 Architekten vertreten, die mit entsprechenden Bauvorhaben betraut waren. Es wurde keine Vorauswahl der Projekte getroffen. Vielmehr soll die breite Masse und hohe Qualit\u00e4t der gef\u00f6rderten Ma\u00dfnahmen pr\u00e4sentiert werden.<\/p>\n<p>An der Vorbereitung und Zusammenstellung der Werkschau wirkten federf\u00fchrend J\u00fcrgen Obermeier vom Geb\u00e4udemanagement des Landkreises und Cornelia Gieler vom Geb\u00e4udemanagement der Stadt Fulda mit. Sie wurden von den Architekten Jutta Diegelmann, Torsten Gensler, Hartmut Walter und Fred Vey unterst\u00fctzt. Um die grafische Umsetzung k\u00fcmmerte sich die Kommunikationsdesignerin Iris Keller.<\/p>\n<p>&nbsp;<\/p>\n","protected":false},"excerpt":{"rendered":"<div class=\"tmnf_excerpt\"><p>Fulda. Aus dem vom Bund und von den L\u00e4ndern aufgelegten Konjunkturprogramm zur Belebung der Wirtschaft sind 62,4 Millionen Euro an F\u00f6rdermitteln in \u00fcber 80 Investitionsvorhaben des Landkreises und der Stadt Fulda geflossen. Eine Werkschau, die vom 25. Oktober bis 9. November im \u00dcWAG-Kundenzentrum zu sehen war, informiert dar\u00fcber, was mit Hilfe der Konjunkturf\u00f6rdermittel an wichtigen &hellip;<\/p>\n<\/div>","protected":false},"author":1,"featured_media":0,"comment_status":"closed","ping_status":"closed","sticky":false,"template":"","format":"standard","meta":{"footnotes":""},"categories":[1,29],"tags":[],"class_list":["post-104812","post","type-post","status-publish","format-standard","hentry","category-startseite","category-politik"],"_links":{"self":[{"href":"https:\/\/www.fuldaernachrichten.de\/index.php?rest_route=\/wp\/v2\/posts\/104812","targetHints":{"allow":["GET"]}}],"collection":[{"href":"https:\/\/www.fuldaernachrichten.de\/index.php?rest_route=\/wp\/v2\/posts"}],"about":[{"href":"https:\/\/www.fuldaernachrichten.de\/index.php?rest_route=\/wp\/v2\/types\/post"}],"author":[{"embeddable":true,"href":"https:\/\/www.fuldaernachrichten.de\/index.php?rest_route=\/wp\/v2\/users\/1"}],"replies":[{"embeddable":true,"href":"https:\/\/www.fuldaernachrichten.de\/index.php?rest_route=%2Fwp%2Fv2%2Fcomments&post=104812"}],"version-history":[{"count":0,"href":"https:\/\/www.fuldaernachrichten.de\/index.php?rest_route=\/wp\/v2\/posts\/104812\/revisions"}],"wp:attachment":[{"href":"https:\/\/www.fuldaernachrichten.de\/index.php?rest_route=%2Fwp%2Fv2%2Fmedia&parent=104812"}],"wp:term":[{"taxonomy":"category","embeddable":true,"href":"https:\/\/www.fuldaernachrichten.de\/index.php?rest_route=%2Fwp%2Fv2%2Fcategories&post=104812"},{"taxonomy":"post_tag","embeddable":true,"href":"https:\/\/www.fuldaernachrichten.de\/index.php?rest_route=%2Fwp%2Fv2%2Ftags&post=104812"}],"curies":[{"name":"wp","href":"https:\/\/api.w.org\/{rel}","templated":true}]}}