{"id":104809,"date":"2012-12-10T08:07:01","date_gmt":"2012-12-10T08:07:01","guid":{"rendered":"http:\/\/www.fuldaer-nachrichten.de\/?p=104809"},"modified":"2012-12-10T08:07:01","modified_gmt":"2012-12-10T08:07:01","slug":"mischung-aus-information-und-unterhaltung-neues-jahrbuch-des-landkreises-fulda-erschienen","status":"publish","type":"post","link":"https:\/\/www.fuldaernachrichten.de\/?p=104809","title":{"rendered":"Mischung aus Information und Unterhaltung &#8211; Neues Jahrbuch des Landkreises Fulda erschienen"},"content":{"rendered":"<p><img fetchpriority=\"high\" decoding=\"async\" class=\"alignleft size-thumbnail wp-image-104810\" title=\"561-Jahrbuch\" src=\"http:\/\/www.fuldaer-nachrichten.de\/wp-content\/uploads\/2012\/12\/561-Jahrbuch-265x389.jpg\" alt=\"\" width=\"265\" height=\"389\" srcset=\"https:\/\/www.fuldaernachrichten.de\/wp-content\/uploads\/2012\/12\/561-Jahrbuch-265x389.jpg 265w, https:\/\/www.fuldaernachrichten.de\/wp-content\/uploads\/2012\/12\/561-Jahrbuch-180x265.jpg 180w, https:\/\/www.fuldaernachrichten.de\/wp-content\/uploads\/2012\/12\/561-Jahrbuch-408x600.jpg 408w, https:\/\/www.fuldaernachrichten.de\/wp-content\/uploads\/2012\/12\/561-Jahrbuch.jpg 600w\" sizes=\"(max-width: 265px) 100vw, 265px\" \/>Fulda. Das neue Jahrbuch des Landkreises Fulda ist erschienen. Es kann zum Preis von 7,90 Euro in allen Buchhandlungen, bei der Kreisverwaltung in Fulda sowie in der Au\u00dfenstelle H\u00fcnfeld erworben werden. Nach Aussage von Landrat Bernd Woide z\u00e4hlt das Jahrbuch zu den Publikationen, die sich als Nachschlagewerk vielfach bew\u00e4hrt h\u00e4tten. Es biete Gelegenheit, auf wichtige Ereignisse des zu Ende gehenden Jahres zur\u00fcckzublicken und wichtige Themen mit Auswirkungen auf das Leben der Menschen in der Region n\u00e4her zu beleuchten. Woide k\u00fcndigte an, das es auch k\u00fcnftig ein Jahrbuch des Landkreises geben werde, um die Aufgaben und Leistungen der Kreisverwaltung transparent zu machen.<!--more--><\/p>\n<p>\u201eWir kommen damit einem Informationsbed\u00fcrfnis in der Bev\u00f6lkerung nach.\u201c Neben der Ber\u00fccksichtigung von heimatkundlichen Beitr\u00e4gen, die ihren Stellenwert behalten w\u00fcrden, gehe es\u00c2\u00a0 darum, ein lebendiges Bild des Geschehens im Landkreis zeichnen. Landrat Woide \u00e4u\u00dferte die Erwartung, dass auch mit der aktuellen, \u00fcber 300 Seiten starken Ausgabe ein buntes Kaleidoskop entstanden sei, das dem Anspruch gerecht werde, eine ausgewogene Mischung aus Information und Unterhaltung zu bieten.<\/p>\n<p>&nbsp;<\/p>\n","protected":false},"excerpt":{"rendered":"<div class=\"tmnf_excerpt\"><p>Fulda. Das neue Jahrbuch des Landkreises Fulda ist erschienen. Es kann zum Preis von 7,90 Euro in allen Buchhandlungen, bei der Kreisverwaltung in Fulda sowie in der Au\u00dfenstelle H\u00fcnfeld erworben werden. Nach Aussage von Landrat Bernd Woide z\u00e4hlt das Jahrbuch zu den Publikationen, die sich als Nachschlagewerk vielfach bew\u00e4hrt h\u00e4tten. Es biete Gelegenheit, auf wichtige &hellip;<\/p>\n<\/div>","protected":false},"author":1,"featured_media":0,"comment_status":"closed","ping_status":"closed","sticky":false,"template":"","format":"standard","meta":{"footnotes":""},"categories":[1,44,29],"tags":[],"class_list":["post-104809","post","type-post","status-publish","format-standard","hentry","category-startseite","category-kultur","category-politik"],"_links":{"self":[{"href":"https:\/\/www.fuldaernachrichten.de\/index.php?rest_route=\/wp\/v2\/posts\/104809","targetHints":{"allow":["GET"]}}],"collection":[{"href":"https:\/\/www.fuldaernachrichten.de\/index.php?rest_route=\/wp\/v2\/posts"}],"about":[{"href":"https:\/\/www.fuldaernachrichten.de\/index.php?rest_route=\/wp\/v2\/types\/post"}],"author":[{"embeddable":true,"href":"https:\/\/www.fuldaernachrichten.de\/index.php?rest_route=\/wp\/v2\/users\/1"}],"replies":[{"embeddable":true,"href":"https:\/\/www.fuldaernachrichten.de\/index.php?rest_route=%2Fwp%2Fv2%2Fcomments&post=104809"}],"version-history":[{"count":0,"href":"https:\/\/www.fuldaernachrichten.de\/index.php?rest_route=\/wp\/v2\/posts\/104809\/revisions"}],"wp:attachment":[{"href":"https:\/\/www.fuldaernachrichten.de\/index.php?rest_route=%2Fwp%2Fv2%2Fmedia&parent=104809"}],"wp:term":[{"taxonomy":"category","embeddable":true,"href":"https:\/\/www.fuldaernachrichten.de\/index.php?rest_route=%2Fwp%2Fv2%2Fcategories&post=104809"},{"taxonomy":"post_tag","embeddable":true,"href":"https:\/\/www.fuldaernachrichten.de\/index.php?rest_route=%2Fwp%2Fv2%2Ftags&post=104809"}],"curies":[{"name":"wp","href":"https:\/\/api.w.org\/{rel}","templated":true}]}}