{"id":104793,"date":"2012-12-07T00:13:19","date_gmt":"2012-12-07T00:13:19","guid":{"rendered":"http:\/\/www.fuldaer-nachrichten.de\/?p=104793"},"modified":"2012-12-07T08:53:51","modified_gmt":"2012-12-07T08:53:51","slug":"mittelstands-und-wirtschaftsvereinigung-hessen-begrust-beschlusse-der-bundes-cdu","status":"publish","type":"post","link":"https:\/\/www.fuldaernachrichten.de\/?p=104793","title":{"rendered":"Mittelstands- und Wirtschaftsvereinigung Hessen begr\u00fc\u00dft Beschl\u00fcsse der Bundes-CDU"},"content":{"rendered":"<p>Fulda. Die Hessische Mittelstands- und Wirtschaftsvereinigung begr\u00fc\u00dft die Beschl\u00fcsse der CDU Deutschland auf ihrem Bundesparteitag in Hannover. Die Beschl\u00fcsse br\u00e4chten eine deutliche politische Unterst\u00fctzung f\u00fcr den Mittelstand, erkl\u00e4rte der Landesvorsitzende der Hessischen MIT, Frank Hartmann, in Fulda. Die klugen wirtschaftspolitischen Weichenstellungen in den vergangenen Jahren h\u00e4tten dazu gef\u00fchrt, dass die wirtschaftliche Lage in Deutschland besser sei als in allen anderen Staaten Europas. Das klare Eintreten f\u00fcr die Soziale Marktwirtschaft, f\u00fcr marktwirtschaftlichen Wettbewerb und sozialen Ausgleich, die Unterst\u00fctzung des Mittelstandes f\u00fchre zu einer St\u00e4rkung des Mittelstandes und setze sich wohltuend von den politischen \u00dcberlegungen und SPD und Gr\u00fcnen ab, deren Vorstellungen f\u00fcr die Bundestagswahlen 2013 eher ein Programm zur Gef\u00e4hrdung des Mittelstandes seien, erkl\u00e4rte Hartmann. Der Leitantrag der CDU bringe ein klares Bekenntnis f\u00fcr die Bedeutung des Mittelstandes und dessen Unterst\u00fctzung. Die MIT werde sich auch in Zukunft f\u00fcr die St\u00e4rkung des Mittelstandes einsetzen, weil es wichtig sei, diejenigen zu unterst\u00fctzen, die Arbeits- und Ausbildungspl\u00e4tze erhalten und schaffen und Steuern zahlen, mit denen Sozialma\u00dfnahmen erst finanziert werden k\u00f6nnen.<\/p>\n","protected":false},"excerpt":{"rendered":"<div class=\"tmnf_excerpt\"><p>Fulda. Die Hessische Mittelstands- und Wirtschaftsvereinigung begr\u00fc\u00dft die Beschl\u00fcsse der CDU Deutschland auf ihrem Bundesparteitag in Hannover. Die Beschl\u00fcsse br\u00e4chten eine deutliche politische Unterst\u00fctzung f\u00fcr den Mittelstand, erkl\u00e4rte der Landesvorsitzende der Hessischen MIT, Frank Hartmann, in Fulda. Die klugen wirtschaftspolitischen Weichenstellungen in den vergangenen Jahren h\u00e4tten dazu gef\u00fchrt, dass die wirtschaftliche Lage in Deutschland besser &hellip;<\/p>\n<\/div>","protected":false},"author":1,"featured_media":0,"comment_status":"closed","ping_status":"closed","sticky":false,"template":"","format":"standard","meta":{"footnotes":""},"categories":[1,29],"tags":[],"class_list":["post-104793","post","type-post","status-publish","format-standard","hentry","category-startseite","category-politik"],"_links":{"self":[{"href":"https:\/\/www.fuldaernachrichten.de\/index.php?rest_route=\/wp\/v2\/posts\/104793","targetHints":{"allow":["GET"]}}],"collection":[{"href":"https:\/\/www.fuldaernachrichten.de\/index.php?rest_route=\/wp\/v2\/posts"}],"about":[{"href":"https:\/\/www.fuldaernachrichten.de\/index.php?rest_route=\/wp\/v2\/types\/post"}],"author":[{"embeddable":true,"href":"https:\/\/www.fuldaernachrichten.de\/index.php?rest_route=\/wp\/v2\/users\/1"}],"replies":[{"embeddable":true,"href":"https:\/\/www.fuldaernachrichten.de\/index.php?rest_route=%2Fwp%2Fv2%2Fcomments&post=104793"}],"version-history":[{"count":0,"href":"https:\/\/www.fuldaernachrichten.de\/index.php?rest_route=\/wp\/v2\/posts\/104793\/revisions"}],"wp:attachment":[{"href":"https:\/\/www.fuldaernachrichten.de\/index.php?rest_route=%2Fwp%2Fv2%2Fmedia&parent=104793"}],"wp:term":[{"taxonomy":"category","embeddable":true,"href":"https:\/\/www.fuldaernachrichten.de\/index.php?rest_route=%2Fwp%2Fv2%2Fcategories&post=104793"},{"taxonomy":"post_tag","embeddable":true,"href":"https:\/\/www.fuldaernachrichten.de\/index.php?rest_route=%2Fwp%2Fv2%2Ftags&post=104793"}],"curies":[{"name":"wp","href":"https:\/\/api.w.org\/{rel}","templated":true}]}}