{"id":104789,"date":"2012-12-07T08:51:02","date_gmt":"2012-12-07T08:51:02","guid":{"rendered":"http:\/\/www.fuldaer-nachrichten.de\/?p=104789"},"modified":"2012-12-07T08:51:02","modified_gmt":"2012-12-07T08:51:02","slug":"fd-botschafter-schwimmen-fur-bayern-und-osterreich","status":"publish","type":"post","link":"https:\/\/www.fuldaernachrichten.de\/?p=104789","title":{"rendered":"FD-Botschafter schwimmen f\u00fcr Bayern und \u00d6sterreich"},"content":{"rendered":"<p><strong><em><\/em><\/strong><img decoding=\"async\" class=\"alignleft size-thumbnail wp-image-104790\" title=\"Lenz\" src=\"http:\/\/www.fuldaer-nachrichten.de\/wp-content\/uploads\/2012\/12\/Lenz-265x175.jpg\" alt=\"\" width=\"265\" height=\"175\" srcset=\"https:\/\/www.fuldaernachrichten.de\/wp-content\/uploads\/2012\/12\/Lenz-265x175.jpg 265w, https:\/\/www.fuldaernachrichten.de\/wp-content\/uploads\/2012\/12\/Lenz.jpg 600w\" sizes=\"(max-width: 265px) 100vw, 265px\" \/>Fulda. Der 14. Jugendl\u00e4nderkampf im Schwimmen zwischen Hessen , Bayern und \u00d6sterreich steigt am 8. und 9. Dezember im Sportbad Ziehers. \u00c2\u00a0Als Veronika Lenz beim Standortmarketing nachfragte, ob es nicht Gastgeschenke der Region f\u00fcr die Teilnehmer von au\u00dferhalb gebe,\u00c2\u00a0 reagierte Regionalmanager Christoph Burkard spontan. Gut 94 Schwimmer und Betreuer haben ihr Quartier im Fuldaer Hotel Lenz bezogen. Die Hotel-Chefin, selbst auch aktiv im\u00c2\u00a0 ausrichtenden Verein Wasserfreunde Fulda, erhielt jetzt aus den H\u00e4nden von IHK-Hauptgesch\u00e4ftsf\u00fchrer Stefan Schunck und Christoph Burkard 70 Botschafterpakete und vier Fuldaer Rucks\u00e4cke gef\u00fcllt mit Andenken der\u00c2\u00a0 Markenkampagne FD. Schunck lobte besonders das ehrenamtliche Engagement von Veronika Lenz, die in der Vollversammlung der Industrie- und Handelskammer Fulda das Hotel- und Gastst\u00e4ttengewerbe vertritt. Bildunterschrift: Von links nach rechts: IHK-Hauptgesch\u00e4ftsf\u00fchrer Stefan Schunck, Veronika Lenz und Regionalmanger Christoph Burkard<\/p>\n<p align=\"center\">\n","protected":false},"excerpt":{"rendered":"<div class=\"tmnf_excerpt\"><p>Fulda. Der 14. Jugendl\u00e4nderkampf im Schwimmen zwischen Hessen , Bayern und \u00d6sterreich steigt am 8. und 9. Dezember im Sportbad Ziehers. \u00c2\u00a0Als Veronika Lenz beim Standortmarketing nachfragte, ob es nicht Gastgeschenke der Region f\u00fcr die Teilnehmer von au\u00dferhalb gebe,\u00c2\u00a0 reagierte Regionalmanager Christoph Burkard spontan. Gut 94 Schwimmer und Betreuer haben ihr Quartier im Fuldaer Hotel &hellip;<\/p>\n<\/div>","protected":false},"author":1,"featured_media":0,"comment_status":"closed","ping_status":"closed","sticky":false,"template":"","format":"standard","meta":{"footnotes":""},"categories":[1,29],"tags":[],"class_list":["post-104789","post","type-post","status-publish","format-standard","hentry","category-startseite","category-politik"],"_links":{"self":[{"href":"https:\/\/www.fuldaernachrichten.de\/index.php?rest_route=\/wp\/v2\/posts\/104789","targetHints":{"allow":["GET"]}}],"collection":[{"href":"https:\/\/www.fuldaernachrichten.de\/index.php?rest_route=\/wp\/v2\/posts"}],"about":[{"href":"https:\/\/www.fuldaernachrichten.de\/index.php?rest_route=\/wp\/v2\/types\/post"}],"author":[{"embeddable":true,"href":"https:\/\/www.fuldaernachrichten.de\/index.php?rest_route=\/wp\/v2\/users\/1"}],"replies":[{"embeddable":true,"href":"https:\/\/www.fuldaernachrichten.de\/index.php?rest_route=%2Fwp%2Fv2%2Fcomments&post=104789"}],"version-history":[{"count":0,"href":"https:\/\/www.fuldaernachrichten.de\/index.php?rest_route=\/wp\/v2\/posts\/104789\/revisions"}],"wp:attachment":[{"href":"https:\/\/www.fuldaernachrichten.de\/index.php?rest_route=%2Fwp%2Fv2%2Fmedia&parent=104789"}],"wp:term":[{"taxonomy":"category","embeddable":true,"href":"https:\/\/www.fuldaernachrichten.de\/index.php?rest_route=%2Fwp%2Fv2%2Fcategories&post=104789"},{"taxonomy":"post_tag","embeddable":true,"href":"https:\/\/www.fuldaernachrichten.de\/index.php?rest_route=%2Fwp%2Fv2%2Ftags&post=104789"}],"curies":[{"name":"wp","href":"https:\/\/api.w.org\/{rel}","templated":true}]}}