{"id":104784,"date":"2012-12-07T00:12:59","date_gmt":"2012-12-07T00:12:59","guid":{"rendered":"http:\/\/www.fuldaer-nachrichten.de\/?p=104784"},"modified":"2012-12-07T08:45:58","modified_gmt":"2012-12-07T08:45:58","slug":"ziegler-raschdorf-begrust-den-beschluss-der-cdu-deutschlands-zur-einrichtung-eines-nationalen-gedenktages-fur-die-opfer-von-flucht-und-vertreibung","status":"publish","type":"post","link":"https:\/\/www.fuldaernachrichten.de\/?p=104784","title":{"rendered":"Ziegler-Raschdorf begr\u00fc\u00dft den Beschluss der CDU Deutschlands zur Einrichtung eines \u201eNationalen Gedenktages f\u00fcr die Opfer von Flucht und Vertreibung\u201c"},"content":{"rendered":"<p>Fulda. Im September 2012 hatte die Fuldaer Politikerin Margarete Ziegler-Raschdorf als Beisitzerin im Landesvorstand der CDU Hessen den Antrag eingebracht, auf Bundesebene die Einrichtung eines \u201eNationalen Gedenktages f\u00fcr die Opfer von Flucht und Vertreibung\u201c zu erwirken. Dieser Antrag war vom CDU-Landesvorstand begr\u00fc\u00dft und einstimmig verabschiedet worden und wurde anschlie\u00dfend dem CDU- Bundesparteitag zur Beratung vorgelegt.\u00c2\u00a0 Ziegler-Raschdorf teilt nunmehr ihre Freude dar\u00fcber mit, dass der Antrag der CDU &#8211; Hessen am 4. Dezember 2012 von der CDU &#8211; Deutschlands auf ihrem 25. Bundesparteitag in Hannover einstimmig verabschiedet und mit folgender Formulierung beschlossen wurde:<!--more--><\/p>\n<p>Die CDU Deutschlands spricht sich f\u00fcr die Einrichtung eines \u201eNationalen Gedenktages f\u00fcr die Opfer von Flucht und Vertreibung\u201c aus. Die CDU Deutschlands bittet die CDU \/ CSU \u2013 Bundestagsfraktion, im Bundestag einen Beschluss zur Einrichtung eines \u201eNationalen Gedenktages f\u00fcr die Opfer von Flucht und Vertreibung\u201c herbeizuf\u00fchren.<\/p>\n<p>\u201eFlucht und Vertreibung von 14 Millionen Deutschen aus den Ostgebieten nach dem Zweiten Weltkrieg bed\u00fcrfen eines eigenen Gedenktages\u201c, betont die Fuldaer Politikerin.\u00c2\u00a0 Ein solcher Gedenktag solle ausdr\u00fccken, dass Flucht und Vertreibung nicht nur f\u00fcr die davon Betroffenen eine traurige Bedeutung habe, sondern Teil der Geschichte aller Deutschen und Teil der europ\u00e4ischen Geschichte sei. Schon lange hofften die Vertriebenen auf einen solchen Gedenktag. Er sei angesichts der ungeheuren Dimension und der traumatisierenden Auswirkungen von Flucht und Vertreibung angemessen und\u00c2\u00a0 mehr als 60 Jahre nach dem Krieg \u00fcberf\u00e4llig.\u00c2\u00a0 \u201eDie Einrichtung eines Nationalen Gedenktages k\u00e4me als Geste des Verstehens gegen\u00fcber der Erlebnisgeneration f\u00fcr diese gerade noch zur rechten Zeit. Er h\u00e4tte auch die Aufgabe, die schlimmen Ereignisse und ihre Folgen im kollektiven Ged\u00e4chtnis zu bewahren\u201c. Wie Ziegler \u2013 Raschdorf hervorhebt, solle sich der Gedenktag nicht ausschlie\u00dflich auf die deutschen Opfer beziehen, sondern ein Tag des Gedenkens f\u00fcr alle Fl\u00fcchtlinge und Vertriebenen weltweit darstellen.<\/p>\n<p>Margarete Ziegler-Raschdorf, die sich als Landesbeauftragte der Hessischen Landesregierung f\u00fcr die Interessen der Heimatvertriebenen und Sp\u00e4taussiedler einsetzt, hofft nunmehr, dass der Beschluss der CDU &#8211; Deutschlands z\u00fcgig umgesetzt und ein entsprechender Antrag im Deutschen Bundestag zur Abstimmung gebracht wird.<\/p>\n","protected":false},"excerpt":{"rendered":"<div class=\"tmnf_excerpt\"><p>Fulda. Im September 2012 hatte die Fuldaer Politikerin Margarete Ziegler-Raschdorf als Beisitzerin im Landesvorstand der CDU Hessen den Antrag eingebracht, auf Bundesebene die Einrichtung eines \u201eNationalen Gedenktages f\u00fcr die Opfer von Flucht und Vertreibung\u201c zu erwirken. Dieser Antrag war vom CDU-Landesvorstand begr\u00fc\u00dft und einstimmig verabschiedet worden und wurde anschlie\u00dfend dem CDU- Bundesparteitag zur Beratung vorgelegt.\u00c2\u00a0 &hellip;<\/p>\n<\/div>","protected":false},"author":1,"featured_media":0,"comment_status":"closed","ping_status":"closed","sticky":false,"template":"","format":"standard","meta":{"footnotes":""},"categories":[1,29],"tags":[],"class_list":["post-104784","post","type-post","status-publish","format-standard","hentry","category-startseite","category-politik"],"_links":{"self":[{"href":"https:\/\/www.fuldaernachrichten.de\/index.php?rest_route=\/wp\/v2\/posts\/104784","targetHints":{"allow":["GET"]}}],"collection":[{"href":"https:\/\/www.fuldaernachrichten.de\/index.php?rest_route=\/wp\/v2\/posts"}],"about":[{"href":"https:\/\/www.fuldaernachrichten.de\/index.php?rest_route=\/wp\/v2\/types\/post"}],"author":[{"embeddable":true,"href":"https:\/\/www.fuldaernachrichten.de\/index.php?rest_route=\/wp\/v2\/users\/1"}],"replies":[{"embeddable":true,"href":"https:\/\/www.fuldaernachrichten.de\/index.php?rest_route=%2Fwp%2Fv2%2Fcomments&post=104784"}],"version-history":[{"count":0,"href":"https:\/\/www.fuldaernachrichten.de\/index.php?rest_route=\/wp\/v2\/posts\/104784\/revisions"}],"wp:attachment":[{"href":"https:\/\/www.fuldaernachrichten.de\/index.php?rest_route=%2Fwp%2Fv2%2Fmedia&parent=104784"}],"wp:term":[{"taxonomy":"category","embeddable":true,"href":"https:\/\/www.fuldaernachrichten.de\/index.php?rest_route=%2Fwp%2Fv2%2Fcategories&post=104784"},{"taxonomy":"post_tag","embeddable":true,"href":"https:\/\/www.fuldaernachrichten.de\/index.php?rest_route=%2Fwp%2Fv2%2Ftags&post=104784"}],"curies":[{"name":"wp","href":"https:\/\/api.w.org\/{rel}","templated":true}]}}