{"id":104779,"date":"2012-12-07T00:10:26","date_gmt":"2012-12-07T00:10:26","guid":{"rendered":"http:\/\/www.fuldaer-nachrichten.de\/?p=104779"},"modified":"2012-12-06T15:40:23","modified_gmt":"2012-12-06T15:40:23","slug":"tag-der-menschrechte-vateraufbruch-fur-kinder-weist-auf-sorgerecht-fur-nicht-miteinander-verheiratete-eltern-hin","status":"publish","type":"post","link":"https:\/\/www.fuldaernachrichten.de\/?p=104779","title":{"rendered":"Tag der Menschrechte &#8211; V\u00e4teraufbruch f\u00fcr Kinder weist auf Sorgerecht f\u00fcr nicht miteinander verheiratete Eltern hin"},"content":{"rendered":"<p>Karlsruhe. Zum Tag der Menschenrechte findet am 8.12.2012 eine Kundgebung auf dem Platz der Menschenrechte in Karlsruhe statt. Unter dem Motto &#8220;Sorgerecht f\u00fcr nicht miteinander verheiratete Eltern&#8221;, soll auf die Missachtung von Menschenrechten durch die Bundesrepublik Deutschland hingewiesen werden. Wie Franzj\u00f6rg Krieg (V\u00e4teraufbruch f\u00fcr Kinder -Karlsruhe) durch seine langj\u00e4hrige Arbeit wei\u00df und positiv betont, findet gerade ein gesellschaftlicher Wandel statt, der aber in Bereichen wie: Umsetzung und Weiterentwicklung der Kindschaftsrechstreform von 1998, der Gleichberechtigung von V\u00e4tern und M\u00fcttern vor deutschen Familiengerichten und Sanktionierung statt F\u00f6rderung von Umgangsboykott, weiterhin die Menschenrechte und Rechte von Kindern missachtet. <!--more--><br \/>\nZeitgleich findet vom 6. bis 10.12.2012 die Aktion &#8220;Blumen f\u00fcr Europa&#8221; statt, bei der Eltern von Karlsruhe nach Strassbourg zum Europarat wandern, um sich mit einer Blumen-Aktion zu bedanken. Die Beschl\u00fcsse des EGMR haben viel f\u00fcr V\u00e4ter im Familienrecht bewirkt was gerade auch den Kindern zu Gute kommt. Thomas Sochart (vaeter-aktuell.de) und G\u00fcnter M\u00fchlbauer (trennungseltern.eu.tf) als &#8220;Blauer Weihnachtsmann&#8221;, weisen auf die fehlende Gleichstellung von V\u00e4tern und M\u00fcttern und den Artikel 18 &#8220;Verantwortung f\u00fcr das Kindeswohl&#8221; der UN-Kinderrechtekonvention hin.<\/p>\n","protected":false},"excerpt":{"rendered":"<div class=\"tmnf_excerpt\"><p>Karlsruhe. Zum Tag der Menschenrechte findet am 8.12.2012 eine Kundgebung auf dem Platz der Menschenrechte in Karlsruhe statt. Unter dem Motto &#8220;Sorgerecht f\u00fcr nicht miteinander verheiratete Eltern&#8221;, soll auf die Missachtung von Menschenrechten durch die Bundesrepublik Deutschland hingewiesen werden. Wie Franzj\u00f6rg Krieg (V\u00e4teraufbruch f\u00fcr Kinder -Karlsruhe) durch seine langj\u00e4hrige Arbeit wei\u00df und positiv betont, findet &hellip;<\/p>\n<\/div>","protected":false},"author":1,"featured_media":0,"comment_status":"closed","ping_status":"closed","sticky":false,"template":"","format":"standard","meta":{"footnotes":""},"categories":[1],"tags":[],"class_list":["post-104779","post","type-post","status-publish","format-standard","hentry","category-startseite"],"_links":{"self":[{"href":"https:\/\/www.fuldaernachrichten.de\/index.php?rest_route=\/wp\/v2\/posts\/104779","targetHints":{"allow":["GET"]}}],"collection":[{"href":"https:\/\/www.fuldaernachrichten.de\/index.php?rest_route=\/wp\/v2\/posts"}],"about":[{"href":"https:\/\/www.fuldaernachrichten.de\/index.php?rest_route=\/wp\/v2\/types\/post"}],"author":[{"embeddable":true,"href":"https:\/\/www.fuldaernachrichten.de\/index.php?rest_route=\/wp\/v2\/users\/1"}],"replies":[{"embeddable":true,"href":"https:\/\/www.fuldaernachrichten.de\/index.php?rest_route=%2Fwp%2Fv2%2Fcomments&post=104779"}],"version-history":[{"count":0,"href":"https:\/\/www.fuldaernachrichten.de\/index.php?rest_route=\/wp\/v2\/posts\/104779\/revisions"}],"wp:attachment":[{"href":"https:\/\/www.fuldaernachrichten.de\/index.php?rest_route=%2Fwp%2Fv2%2Fmedia&parent=104779"}],"wp:term":[{"taxonomy":"category","embeddable":true,"href":"https:\/\/www.fuldaernachrichten.de\/index.php?rest_route=%2Fwp%2Fv2%2Fcategories&post=104779"},{"taxonomy":"post_tag","embeddable":true,"href":"https:\/\/www.fuldaernachrichten.de\/index.php?rest_route=%2Fwp%2Fv2%2Ftags&post=104779"}],"curies":[{"name":"wp","href":"https:\/\/api.w.org\/{rel}","templated":true}]}}