{"id":104772,"date":"2012-12-07T00:14:35","date_gmt":"2012-12-07T00:14:35","guid":{"rendered":"http:\/\/www.fuldaer-nachrichten.de\/?p=104772"},"modified":"2012-12-06T15:35:22","modified_gmt":"2012-12-06T15:35:22","slug":"duale-ausbildung-im-visier-chinesische-berufschullehrer-zu-besuch-bei-rs","status":"publish","type":"post","link":"https:\/\/www.fuldaernachrichten.de\/?p=104772","title":{"rendered":"Duale Ausbildung im Visier \u2013 Chinesische Berufschullehrer zu Besuch bei R+S"},"content":{"rendered":"<p><img decoding=\"async\" class=\"alignleft size-thumbnail wp-image-104774\" title=\"Chinesen-bei-R+S_2\" src=\"http:\/\/www.fuldaer-nachrichten.de\/wp-content\/uploads\/2012\/12\/Chinesen-bei-R+S_2-265x175.jpg\" alt=\"\" width=\"265\" height=\"175\" srcset=\"https:\/\/www.fuldaernachrichten.de\/wp-content\/uploads\/2012\/12\/Chinesen-bei-R+S_2-265x175.jpg 265w, https:\/\/www.fuldaernachrichten.de\/wp-content\/uploads\/2012\/12\/Chinesen-bei-R+S_2.jpg 592w\" sizes=\"(max-width: 265px) 100vw, 265px\" \/>Fulda. In einem Land, in dem jede Berufsschule f\u00fcr Elektroniker zwischen 2.000 und 16.000 Sch\u00fcler z\u00e4hlt, findet Ausbildung in ganz anderen Dimensionen statt, als in Deutschland. Duale Ausbildung ist in China ein Fremdwort: F\u00fcr drei Jahre verschwinden die Lehrlinge in den Fachschulen, die sie mit einem Abschluss verlassen, der sie theoretisch zu allem bef\u00e4higt \u2013 ihnen fehlt allerdings jede praktische Erfahrung.<!--more--><\/p>\n<p>Entsprechend spannend war es f\u00fcr eine Gruppe chinesischer Berufsschullehrer, die sich derzeit das Ausbildungssystem in Deutschland n\u00e4her anschaut, bei einem Besuch der R+S-Gruppe in Fulda zu erfahren, wie nachhaltig, engagiert und individuell hier ausgebildet wird. Neben der dualen Ausbildung mit Praxiserfahrungen\u00c2\u00a0 am Arbeitsplatz, auf speziellen Azubi-Baustellen und dem theoretischen Teil in der Berufsschule nehmen die Auszubildenden bei R+S so fr\u00fch wie m\u00f6glich an interne Fortbildungen oder Schulungen externer Partner teil.<\/p>\n<p>Zugleich werden herausragende und ambitionierte Auszubildende fr\u00fchzeitig vom Unternehmen auf ihrem beruflichen Karriereweg begleitet. Der Meisterkurs nach der Gesellenpr\u00fcfung und weitere Fortbildungen unterst\u00fctzt R+S beispielsweise finanziell. Zusammen mit dem betrieblichen Versorgungskonzept (Krankenzusatzversicherung, Berufsunf\u00e4higkeitsversicherung und Betriebliche Altersvorsorge) sind die Ausbildungspl\u00e4tze bei R+S f\u00fcr junge Menschen deshalb ausgesprochen attraktiv.<\/p>\n<p><img decoding=\"async\" class=\"alignnone size-thumbnail wp-image-104773\" title=\"Chinesen-bei-R+S_1\" src=\"http:\/\/www.fuldaer-nachrichten.de\/wp-content\/uploads\/2012\/12\/Chinesen-bei-R+S_1-265x175.jpg\" alt=\"\" width=\"265\" height=\"175\" srcset=\"https:\/\/www.fuldaernachrichten.de\/wp-content\/uploads\/2012\/12\/Chinesen-bei-R+S_1-265x175.jpg 265w, https:\/\/www.fuldaernachrichten.de\/wp-content\/uploads\/2012\/12\/Chinesen-bei-R+S_1.jpg 592w\" sizes=\"(max-width: 265px) 100vw, 265px\" \/> <img decoding=\"async\" class=\"alignnone size-thumbnail wp-image-104775\" title=\"Chinesen-bei-R+S_3\" src=\"http:\/\/www.fuldaer-nachrichten.de\/wp-content\/uploads\/2012\/12\/Chinesen-bei-R+S_3-265x175.jpg\" alt=\"\" width=\"265\" height=\"175\" srcset=\"https:\/\/www.fuldaernachrichten.de\/wp-content\/uploads\/2012\/12\/Chinesen-bei-R+S_3-265x175.jpg 265w, https:\/\/www.fuldaernachrichten.de\/wp-content\/uploads\/2012\/12\/Chinesen-bei-R+S_3.jpg 592w\" sizes=\"(max-width: 265px) 100vw, 265px\" \/><\/p>\n<p>Herbert Schneider, elf Jahre als Aufsichtsratsmitglied der R+S solutions Holding AG und heute als externer Berater t\u00e4tig, hatte die Besucher begr\u00fc\u00dft und das Unternehmen vorgestellt, das durch seine Expansion permanent auf der Suche nach neuen Fachkr\u00e4ften ist. \u201eDie Mitarbeiter\u201c, so Schneider, \u201ewerden von uns nat\u00fcrlich am liebsten selbst ausgebildet. Allerdings ist der Bedarf so hoch und der Fachkr\u00e4ftemarkt in Deutschland so leergefegt, dass wir jetzt auch nach diesen Fachkr\u00e4ften im Ausland suchen.\u201c<\/p>\n<p>Die chinesische Gruppe f\u00fchrt \u2013 im Auftrag des Bundesministeriums f\u00fcr wirtschaftliche Zusammenarbeit sowie weiterer Organisationen der Entwicklungszusammenarbeit in ihrer Heimat \u2013 Fortbildungsprogramme f\u00fcr Fach- und F\u00fchrungskr\u00e4fte in den Bereichen Elektrotechnik, Informations- und Kommunikationstechnologie, Erneuerbare Energien und Umwelttechnik durch. Hierf\u00fcr hatten sie sich zuletzt auch im Bildungs- und Technologiezentrum f\u00fcr Elektro- und Informationstechnische Beruf (BZL) in Lauterbach informiert.<\/p>\n<p>&nbsp;<\/p>\n","protected":false},"excerpt":{"rendered":"<div class=\"tmnf_excerpt\"><p>Fulda. In einem Land, in dem jede Berufsschule f\u00fcr Elektroniker zwischen 2.000 und 16.000 Sch\u00fcler z\u00e4hlt, findet Ausbildung in ganz anderen Dimensionen statt, als in Deutschland. Duale Ausbildung ist in China ein Fremdwort: F\u00fcr drei Jahre verschwinden die Lehrlinge in den Fachschulen, die sie mit einem Abschluss verlassen, der sie theoretisch zu allem bef\u00e4higt \u2013 &hellip;<\/p>\n<\/div>","protected":false},"author":1,"featured_media":0,"comment_status":"closed","ping_status":"closed","sticky":false,"template":"","format":"standard","meta":{"footnotes":""},"categories":[1,53,29],"tags":[],"class_list":["post-104772","post","type-post","status-publish","format-standard","hentry","category-startseite","category-bildung","category-politik"],"_links":{"self":[{"href":"https:\/\/www.fuldaernachrichten.de\/index.php?rest_route=\/wp\/v2\/posts\/104772","targetHints":{"allow":["GET"]}}],"collection":[{"href":"https:\/\/www.fuldaernachrichten.de\/index.php?rest_route=\/wp\/v2\/posts"}],"about":[{"href":"https:\/\/www.fuldaernachrichten.de\/index.php?rest_route=\/wp\/v2\/types\/post"}],"author":[{"embeddable":true,"href":"https:\/\/www.fuldaernachrichten.de\/index.php?rest_route=\/wp\/v2\/users\/1"}],"replies":[{"embeddable":true,"href":"https:\/\/www.fuldaernachrichten.de\/index.php?rest_route=%2Fwp%2Fv2%2Fcomments&post=104772"}],"version-history":[{"count":0,"href":"https:\/\/www.fuldaernachrichten.de\/index.php?rest_route=\/wp\/v2\/posts\/104772\/revisions"}],"wp:attachment":[{"href":"https:\/\/www.fuldaernachrichten.de\/index.php?rest_route=%2Fwp%2Fv2%2Fmedia&parent=104772"}],"wp:term":[{"taxonomy":"category","embeddable":true,"href":"https:\/\/www.fuldaernachrichten.de\/index.php?rest_route=%2Fwp%2Fv2%2Fcategories&post=104772"},{"taxonomy":"post_tag","embeddable":true,"href":"https:\/\/www.fuldaernachrichten.de\/index.php?rest_route=%2Fwp%2Fv2%2Ftags&post=104772"}],"curies":[{"name":"wp","href":"https:\/\/api.w.org\/{rel}","templated":true}]}}