{"id":104768,"date":"2012-12-07T00:11:51","date_gmt":"2012-12-07T00:11:51","guid":{"rendered":"http:\/\/www.fuldaer-nachrichten.de\/?p=104768"},"modified":"2012-12-06T15:28:45","modified_gmt":"2012-12-06T15:28:45","slug":"weihnachtskonzert-des-vokalensembles-junge-vocalisten","status":"publish","type":"post","link":"https:\/\/www.fuldaernachrichten.de\/?p=104768","title":{"rendered":"Weihnachtskonzert des Vokalensembles \u201eJunge Vocalisten\u201c"},"content":{"rendered":"<p>Altenburg. &#8220;It\u00c2\u00b4s the most wonderful time of the year&#8221; &#8211; und genau diese wunderbar verzaubernde und besinnliche Zeit wird am n\u00e4chsten Samstag, dem 15. Dezember, noch ein bisschen stimmungsvoller und vor allem musikalischer. Anl\u00e4sslich des Weihnachtsmarktes in Altenburg geben die Jungen Vocalisten unter der Leitung von Sabine Spahn ein etwa einst\u00fcndiges Konzert in der Schlosskirche in Altenburg. Geboten wird eine breite Palette an weihnachtlicher Musik: Von traditionellen St\u00fccken wie &#8220;\u00dcber\u00c2\u00b4s Gebirg Maria geht&#8221; \u00fcber moderne und swingende Weihnachtslieder wie &#8220;Let it snow&#8221; bis hin zu beliebten Kinderliedern wie Rolf Zuckowskis &#8220;Weihnachtsb\u00e4ckerei&#8221;.<!--more--><\/p>\n<p>Bei diesem breit gef\u00e4chterten Programm sollte f\u00fcr jeden etwas dabei sein. Und nat\u00fcrlich ist auch Rudolph, das Rentier mit der roten Nase, mit von der Partie und sorgt f\u00fcr die richtige Stimmung in den Adventstagen \u2013 ein perfekter Anlass, um sich am Samstagnachmittag ein wenig verzaubern zu lassen. Einem anschlie\u00dfenden Bummel auf dem Altenburger Weihnachtsmarkt mit Gl\u00fchwein und allem, was sonst noch dazu geh\u00f6rt, steht dann nichts im Wege.<\/p>\n<p>Das Konzert beginnt um 17 Uhr in der Schlosskirche in Altenburg. Der Eintritt ist frei. F\u00fcr die instrumentelle Unterst\u00fctzung sorgen Lukas Tauscher am Klavier und Hans-Georg Otterbein am Schlagzeug.Um eine Spende am Ausgang f\u00fcr die Arbeit der Kirchengemeinde Altenburg wird gebeten.<\/p>\n","protected":false},"excerpt":{"rendered":"<div class=\"tmnf_excerpt\"><p>Altenburg. &#8220;It\u00c2\u00b4s the most wonderful time of the year&#8221; &#8211; und genau diese wunderbar verzaubernde und besinnliche Zeit wird am n\u00e4chsten Samstag, dem 15. Dezember, noch ein bisschen stimmungsvoller und vor allem musikalischer. Anl\u00e4sslich des Weihnachtsmarktes in Altenburg geben die Jungen Vocalisten unter der Leitung von Sabine Spahn ein etwa einst\u00fcndiges Konzert in der Schlosskirche &hellip;<\/p>\n<\/div>","protected":false},"author":1,"featured_media":0,"comment_status":"closed","ping_status":"closed","sticky":false,"template":"","format":"standard","meta":{"footnotes":""},"categories":[1,44],"tags":[],"class_list":["post-104768","post","type-post","status-publish","format-standard","hentry","category-startseite","category-kultur"],"_links":{"self":[{"href":"https:\/\/www.fuldaernachrichten.de\/index.php?rest_route=\/wp\/v2\/posts\/104768","targetHints":{"allow":["GET"]}}],"collection":[{"href":"https:\/\/www.fuldaernachrichten.de\/index.php?rest_route=\/wp\/v2\/posts"}],"about":[{"href":"https:\/\/www.fuldaernachrichten.de\/index.php?rest_route=\/wp\/v2\/types\/post"}],"author":[{"embeddable":true,"href":"https:\/\/www.fuldaernachrichten.de\/index.php?rest_route=\/wp\/v2\/users\/1"}],"replies":[{"embeddable":true,"href":"https:\/\/www.fuldaernachrichten.de\/index.php?rest_route=%2Fwp%2Fv2%2Fcomments&post=104768"}],"version-history":[{"count":0,"href":"https:\/\/www.fuldaernachrichten.de\/index.php?rest_route=\/wp\/v2\/posts\/104768\/revisions"}],"wp:attachment":[{"href":"https:\/\/www.fuldaernachrichten.de\/index.php?rest_route=%2Fwp%2Fv2%2Fmedia&parent=104768"}],"wp:term":[{"taxonomy":"category","embeddable":true,"href":"https:\/\/www.fuldaernachrichten.de\/index.php?rest_route=%2Fwp%2Fv2%2Fcategories&post=104768"},{"taxonomy":"post_tag","embeddable":true,"href":"https:\/\/www.fuldaernachrichten.de\/index.php?rest_route=%2Fwp%2Fv2%2Ftags&post=104768"}],"curies":[{"name":"wp","href":"https:\/\/api.w.org\/{rel}","templated":true}]}}