{"id":104762,"date":"2012-12-07T00:12:14","date_gmt":"2012-12-07T00:12:14","guid":{"rendered":"http:\/\/www.fuldaer-nachrichten.de\/?p=104762"},"modified":"2012-12-06T15:22:38","modified_gmt":"2012-12-06T15:22:38","slug":"ein-gluck-dass-es-freiwillige-gibt","status":"publish","type":"post","link":"https:\/\/www.fuldaernachrichten.de\/?p=104762","title":{"rendered":"Ein Gl\u00fcck, dass es Freiwillige gibt"},"content":{"rendered":"<p><strong><img decoding=\"async\" class=\"alignleft size-thumbnail wp-image-104763\" title=\"Antoniusjahrler betreiben den Stand\" src=\"http:\/\/www.fuldaer-nachrichten.de\/wp-content\/uploads\/2012\/12\/Antoniusjahrler-betreiben-den-Stand-265x176.jpg\" alt=\"\" width=\"265\" height=\"176\" srcset=\"https:\/\/www.fuldaernachrichten.de\/wp-content\/uploads\/2012\/12\/Antoniusjahrler-betreiben-den-Stand-265x176.jpg 265w, https:\/\/www.fuldaernachrichten.de\/wp-content\/uploads\/2012\/12\/Antoniusjahrler-betreiben-den-Stand.jpg 600w\" sizes=\"(max-width: 265px) 100vw, 265px\" \/>Fulda.<\/strong> Am vergangenen Mittwoch, 5. Dezember, wurde der allj\u00e4hrliche Internationale Tag des Ehrenamts gefeiert. Dieser Tag ist allen Freiwilligen gewidmet, die sich f\u00fcr das Allgemeinwohl einsetzen. Ohne das Engagement dieser Personen, die ihre Zeit und ihre Energie zum Wohle anderer Menschen einsetzen, w\u00e4ren manch allt\u00e4gliche Dinge zum Beispiel f\u00fcr Menschen, die Unterst\u00fctzung ben\u00f6tigen, nicht m\u00f6glich.<!--more--><\/p>\n<p>Daher luden die Einrichtungsleiter des Netzwerkes Antoniusheim alle freiwillig Engagierten im Haus auf den Fuldaer Weihnachtsmarkt ein. Am Stand des Treffpunktes \u201eSeitenWechsel\u201c tauschten sich die G\u00e4ste aus und erz\u00e4hlten die eine oder andere Anekdote aus ihrer T\u00e4tigkeit. \u201eWir sind gl\u00fccklich, dass sich \u00fcber 200 Menschen in den einzelnen Einrichtungen unseres Partnerunternehmens Antoniusheims freiwillig einbringen\u201c, dankte Aylin Jordan vom Treffpunkt \u201eSeitenWechsel\u201c den anwesenden Freiwilligen. Au\u00dferdem stellte sie das diesj\u00e4hrige Konzept des Weihnachtsmarktstandes vor. \u201eHier k\u00f6nnen die Besucher einen Wunsch hinterlassen und aufschreiben, was sie sich von einer inklusiven Zukunft w\u00fcnschen\u201c, erkl\u00e4rte sie und f\u00fcgte hinzu, dass es f\u00fcr jeden abgegeben Wunsch einen Gratispunsch gebe.<\/p>\n<p>Der Treffpunkt erm\u00f6glicht B\u00fcrgerinnen und B\u00fcrgern, sich \u00fcber die verschiedensten Formen der Freiwilligenarbeit im St. Antoniusheim sowie in angeschlossenen Partnerinstitutionen zu informieren. Unter <a href=\"http:\/\/www.seitenwechsel-engagement.de\">www.seitenwechsel-engagement.de<\/a> finden Interessenten zahlreiche Informationen.<\/p>\n<p>&nbsp;<\/p>\n","protected":false},"excerpt":{"rendered":"<div class=\"tmnf_excerpt\"><p>Fulda. Am vergangenen Mittwoch, 5. Dezember, wurde der allj\u00e4hrliche Internationale Tag des Ehrenamts gefeiert. Dieser Tag ist allen Freiwilligen gewidmet, die sich f\u00fcr das Allgemeinwohl einsetzen. Ohne das Engagement dieser Personen, die ihre Zeit und ihre Energie zum Wohle anderer Menschen einsetzen, w\u00e4ren manch allt\u00e4gliche Dinge zum Beispiel f\u00fcr Menschen, die Unterst\u00fctzung ben\u00f6tigen, nicht m\u00f6glich.<\/p>\n<\/div>","protected":false},"author":1,"featured_media":0,"comment_status":"closed","ping_status":"closed","sticky":false,"template":"","format":"standard","meta":{"footnotes":""},"categories":[1,29],"tags":[],"class_list":["post-104762","post","type-post","status-publish","format-standard","hentry","category-startseite","category-politik"],"_links":{"self":[{"href":"https:\/\/www.fuldaernachrichten.de\/index.php?rest_route=\/wp\/v2\/posts\/104762","targetHints":{"allow":["GET"]}}],"collection":[{"href":"https:\/\/www.fuldaernachrichten.de\/index.php?rest_route=\/wp\/v2\/posts"}],"about":[{"href":"https:\/\/www.fuldaernachrichten.de\/index.php?rest_route=\/wp\/v2\/types\/post"}],"author":[{"embeddable":true,"href":"https:\/\/www.fuldaernachrichten.de\/index.php?rest_route=\/wp\/v2\/users\/1"}],"replies":[{"embeddable":true,"href":"https:\/\/www.fuldaernachrichten.de\/index.php?rest_route=%2Fwp%2Fv2%2Fcomments&post=104762"}],"version-history":[{"count":0,"href":"https:\/\/www.fuldaernachrichten.de\/index.php?rest_route=\/wp\/v2\/posts\/104762\/revisions"}],"wp:attachment":[{"href":"https:\/\/www.fuldaernachrichten.de\/index.php?rest_route=%2Fwp%2Fv2%2Fmedia&parent=104762"}],"wp:term":[{"taxonomy":"category","embeddable":true,"href":"https:\/\/www.fuldaernachrichten.de\/index.php?rest_route=%2Fwp%2Fv2%2Fcategories&post=104762"},{"taxonomy":"post_tag","embeddable":true,"href":"https:\/\/www.fuldaernachrichten.de\/index.php?rest_route=%2Fwp%2Fv2%2Ftags&post=104762"}],"curies":[{"name":"wp","href":"https:\/\/api.w.org\/{rel}","templated":true}]}}