{"id":104753,"date":"2012-12-06T00:12:50","date_gmt":"2012-12-06T00:12:50","guid":{"rendered":"http:\/\/www.fuldaer-nachrichten.de\/?p=104753"},"modified":"2012-12-06T08:58:17","modified_gmt":"2012-12-06T08:58:17","slug":"gemeinsame-hauptversammlung-der-freiwiligen-feuerwehr-der-stadt-fulda-und-mitgliederversammlung-der-stadtjugendfeuerwehr","status":"publish","type":"post","link":"https:\/\/www.fuldaernachrichten.de\/?p=104753","title":{"rendered":"Gemeinsame Hauptversammlung der Freiwiligen Feuerwehr der Stadt Fulda und Mitgliederversammlung der Stadtjugendfeuerwehr"},"content":{"rendered":"<p><img decoding=\"async\" class=\"alignleft size-thumbnail wp-image-104754\" title=\"DSC_0052x\" src=\"http:\/\/www.fuldaer-nachrichten.de\/wp-content\/uploads\/2012\/12\/DSC_0052x-265x175.jpg\" alt=\"\" width=\"265\" height=\"175\" srcset=\"https:\/\/www.fuldaernachrichten.de\/wp-content\/uploads\/2012\/12\/DSC_0052x-265x175.jpg 265w, https:\/\/www.fuldaernachrichten.de\/wp-content\/uploads\/2012\/12\/DSC_0052x.jpg 600w\" sizes=\"(max-width: 265px) 100vw, 265px\" \/>Fulda (cp). Die diesj\u00e4hrigen gemeinsamen Hauptversammlung der Freiwilligen Feuerwehr der Stadt Fulda im vollbesetzten Vereinszentrum Fulda-Johannesberg stand unter der besonderen Betrachtung der Fortschreibung der Bedarfs- und Entwicklungsplanung f\u00fcr die Feuerwehr Fulda und den turnusm\u00e4\u00dfig anstehenden Wahlen. Nach der Er\u00f6ffnung durch die Feuerwehrkapelle Fulda-Dietershan unter der Leitung von Carlo Bleuel ging Oberb\u00fcrgermeister und Brandschutzdezernent Gerhard M\u00f6ller auf die weitreichenden Beschl\u00fcsse des Feuerwehrausschusses, der Brandschutzkommission und des Magistrats zur Fortschreibung der Bedarfs- und Entwicklungsplanung f\u00fcr die Freiwillige Feuerwehr Fulda ein, die in der Stadtverordnetenversammlung verabschiedet und nun umgesetzt werden muss. Hierbei warten besonders auf die Freiwilligen Feuerwehrangeh\u00f6rigen gro\u00dfe und neue Aufgaben, aber auch interessante neue Erfahrungen. M\u00f6ller zeigte sich zuversichtlich, dass sich gen\u00fcgend Feuerwehrleute f\u00fcr diese neue Aufgaben finden werden. Die definierten Schutzziele seien laut M\u00f6ller ein weiterer gro\u00dfer Schritt im Sicherheitskonzept f\u00fcr die B\u00fcrgerinnen und B\u00fcrger der Stadt Fulda. Zu erreichen seien die Schutzziele aber nur mit einem weiteren zus\u00e4tzlichen Engagement der Angeh\u00f6rigen der Freiwilligen Feuerwehr. Die Ausr\u00fcstung der Feuerwehr sei nach Aussage des Fuldaer Verwaltungschefs hervorragend und jeder hier investierte Euro gut angelegt.<!--more--><br \/>\n<strong>Vielf\u00e4ltige Aufgaben<\/strong><br \/>\n<strong>\u00c2\u00a0<\/strong><br \/>\nAuch in den Gru\u00dfworten der G\u00e4ste \u2013 von Stadtverordnetenvorsteherin Margarete Hartmann, dem Johannesberger Ortsvorsteher Erwin Stock, dem Leiter der Polizeistation Fulda Wolfgang Bommer, dem Kreisbrandmeister Klaus Blum, dem stellvertretenden Ortsbeauftragten des Ortsverbands Fulda des Technischen Hilfswerk Konstatin Lotz, dem Gesch\u00e4ftsf\u00fchrer des Deutschen Roten Kreuzes Fulda Christoph Schwab, dem f\u00fcr die CDU-Fraktion der Stadtverordnete Michael Ruppel und f\u00fcr die SPD-Fraktion Stadtr\u00e4tin Heidelinde Weinberger \u2013 wurden die neuen Aufgaben angesprochen, der Feuerwehr f\u00fcr die Zusammenarbeit gedankt und die Unterst\u00fctzung zugesichert. Der Leiter der Feuerwehr Fulda, Thomas Hinz, betonte anschlie\u00dfend, dass die zust\u00e4ndigen Gremien weitreichende Weichenstellungen durch die beschlossene Bedarfs- und Entwicklungsplanung getroffen h\u00e4tten. Er rechne mit einer weiteren Motivationssteigerung durch die Wachbesetzungen an den Wochenenden und Feiertagen. Die Einsatzzahlen w\u00fcrden zwar der Einsatzaufkommen widerspiegeln, k\u00f6nnten aber nicht ann\u00e4hernd die vielf\u00e4ltigen Aufgeben der Feuerwehr verdeutlichen. Nur das Zusammenspiel der hauptberuflichen und Freiwilligen Feuerwehrangeh\u00f6rigen k\u00f6nnten die gestellten Anforderungen erf\u00fcllen.<\/p>\n<p><img decoding=\"async\" class=\"alignnone size-thumbnail wp-image-104755\" title=\"DSC_0065x\" src=\"http:\/\/www.fuldaer-nachrichten.de\/wp-content\/uploads\/2012\/12\/DSC_0065x-265x175.jpg\" alt=\"\" width=\"265\" height=\"175\" srcset=\"https:\/\/www.fuldaernachrichten.de\/wp-content\/uploads\/2012\/12\/DSC_0065x-265x175.jpg 265w, https:\/\/www.fuldaernachrichten.de\/wp-content\/uploads\/2012\/12\/DSC_0065x.jpg 600w\" sizes=\"(max-width: 265px) 100vw, 265px\" \/>\u00c2\u00a0 <img decoding=\"async\" class=\"alignnone size-thumbnail wp-image-104756\" title=\"DSC_0068x\" src=\"http:\/\/www.fuldaer-nachrichten.de\/wp-content\/uploads\/2012\/12\/DSC_0068x-265x175.jpg\" alt=\"\" width=\"265\" height=\"175\" srcset=\"https:\/\/www.fuldaernachrichten.de\/wp-content\/uploads\/2012\/12\/DSC_0068x-265x175.jpg 265w, https:\/\/www.fuldaernachrichten.de\/wp-content\/uploads\/2012\/12\/DSC_0068x.jpg 600w\" sizes=\"(max-width: 265px) 100vw, 265px\" \/><\/p>\n<p><strong>Wahlen und Ehrungen<\/strong><\/p>\n<p>In den sich anschlie\u00dfenden Wahlen ist Stadtjugendfeuerwehrwahrt Marco Taschner in seinem Amt best\u00e4tigt worden. Seine neue Stellvertreterin ist die bisher kommissarisch eingesetzte Feuerwehrfrau Stefanie Mathes. Auch die gesamte neue Teamleitung der Stadtjugendfeuerwehr musste\u00c2\u00a0 neu gew\u00e4hlt werden. In ihren \u00c4mtern wurden die Sprecher der Freiwilligen Feuerwehrangeh\u00f6rigen Werner Greve und Dieter Br\u00e4hler sowie die Vertreter der Freiwilligen Feuerwehr in der Brandschutzkommission Horst Habermehl und Christoph Schmelz best\u00e4tigt. Neue Frauensprecherin ist Yvonne Dietrich. Der Wehrf\u00fchrer Fulda-Mitte, Patrick Weber, konnte seine Bestallungsurkunde aus den H\u00e4nden von Oberb\u00fcrgermeister Gerhard M\u00f6ller entgegen nehmen, genauso wie\u00c2\u00a0 die\u00c2\u00a0 stellvertretenden Wehrf\u00fchrer Michael Betz, Bernhards, Dirk Hildebrand aus Maberzell und Florian Haas in K\u00e4mmerzell. Besondere Ehrungen wurden durch die Verleihung der Florian-Medaille der Hessischen Jugendfeuerwehr im Landesfeuerwehrverband Hessen e.V. vorgenommen.<\/p>\n<p><strong>Die Florian-Medaille in Bronze ging an<\/strong><\/p>\n<p>G\u00fcnkel Jens<br \/>\nHalsch Thomas<br \/>\nHalsch Benjamin<br \/>\nHasenauer J\u00f6rn<br \/>\nHillenbrand Georg<br \/>\nHirsch J\u00f6rg<br \/>\nKanne Christian<br \/>\nLehmann Alexander<br \/>\nLengsfeld Kai<br \/>\nMedler Melanie<br \/>\nM\u00f6ller Bernd<br \/>\nM\u00fcller Ewald<br \/>\nRaab Stephan<br \/>\nSilberhorn Uwe<br \/>\nWiegand Mathias<\/p>\n<p><strong>Die Florian-Medaille in Silber erhielten<\/strong><\/p>\n<p>Bleuel Matthias<br \/>\nBr\u00e4hler Dieter<br \/>\nBr\u00e4hler Carsten<br \/>\nHeitz Thorsten<br \/>\nLabus Math\u00e4us<br \/>\nMathes Stefanie<br \/>\nRiethm\u00fcller Stefan<br \/>\nTaschner Marco<br \/>\nUhl Manuel<br \/>\nUnzeitig Klaus<br \/>\nW\u00e4chtersbach Bernhard<br \/>\nWetter Markus<\/p>\n<p><strong>Die Florian-Medaille in Gold erhielten<\/strong><\/p>\n<p>Greve Werner<br \/>\nHohmann Gerald<br \/>\nStipanowsky Achim<\/p>\n<p>Erstmalig wurden auch die Anerkennungspr\u00e4mien des Landes Hessen \u00fcberreicht. Oberb\u00fcrgermeister M\u00f6ller konnte diese siebenmal f\u00fcr 10 Jahre, sechsmal f\u00fcr 20 Jahre, siebenmal f\u00fcr 30 Jahre und vierzehnmal f\u00fcr 40 Jahre und mehr \u00fcberreichen. Hierbei dankte er den engagierten Feuerwehrangeh\u00f6rigen und gab der Hoffnung Ausdruck, dass sie auch weiterhin f\u00fcr den Dienst in der Feuerwehr zur Verf\u00fcgung stehen.<\/p>\n","protected":false},"excerpt":{"rendered":"<div class=\"tmnf_excerpt\"><p>Fulda (cp). Die diesj\u00e4hrigen gemeinsamen Hauptversammlung der Freiwilligen Feuerwehr der Stadt Fulda im vollbesetzten Vereinszentrum Fulda-Johannesberg stand unter der besonderen Betrachtung der Fortschreibung der Bedarfs- und Entwicklungsplanung f\u00fcr die Feuerwehr Fulda und den turnusm\u00e4\u00dfig anstehenden Wahlen. Nach der Er\u00f6ffnung durch die Feuerwehrkapelle Fulda-Dietershan unter der Leitung von Carlo Bleuel ging Oberb\u00fcrgermeister und Brandschutzdezernent Gerhard M\u00f6ller &hellip;<\/p>\n<\/div>","protected":false},"author":1,"featured_media":0,"comment_status":"closed","ping_status":"closed","sticky":false,"template":"","format":"standard","meta":{"footnotes":""},"categories":[1,71],"tags":[],"class_list":["post-104753","post","type-post","status-publish","format-standard","hentry","category-startseite","category-feuerwehr"],"_links":{"self":[{"href":"https:\/\/www.fuldaernachrichten.de\/index.php?rest_route=\/wp\/v2\/posts\/104753","targetHints":{"allow":["GET"]}}],"collection":[{"href":"https:\/\/www.fuldaernachrichten.de\/index.php?rest_route=\/wp\/v2\/posts"}],"about":[{"href":"https:\/\/www.fuldaernachrichten.de\/index.php?rest_route=\/wp\/v2\/types\/post"}],"author":[{"embeddable":true,"href":"https:\/\/www.fuldaernachrichten.de\/index.php?rest_route=\/wp\/v2\/users\/1"}],"replies":[{"embeddable":true,"href":"https:\/\/www.fuldaernachrichten.de\/index.php?rest_route=%2Fwp%2Fv2%2Fcomments&post=104753"}],"version-history":[{"count":0,"href":"https:\/\/www.fuldaernachrichten.de\/index.php?rest_route=\/wp\/v2\/posts\/104753\/revisions"}],"wp:attachment":[{"href":"https:\/\/www.fuldaernachrichten.de\/index.php?rest_route=%2Fwp%2Fv2%2Fmedia&parent=104753"}],"wp:term":[{"taxonomy":"category","embeddable":true,"href":"https:\/\/www.fuldaernachrichten.de\/index.php?rest_route=%2Fwp%2Fv2%2Fcategories&post=104753"},{"taxonomy":"post_tag","embeddable":true,"href":"https:\/\/www.fuldaernachrichten.de\/index.php?rest_route=%2Fwp%2Fv2%2Ftags&post=104753"}],"curies":[{"name":"wp","href":"https:\/\/api.w.org\/{rel}","templated":true}]}}