{"id":104752,"date":"2012-12-06T00:12:37","date_gmt":"2012-12-06T00:12:37","guid":{"rendered":"http:\/\/www.fuldaer-nachrichten.de\/?p=104752"},"modified":"2012-12-06T08:34:30","modified_gmt":"2012-12-06T08:34:30","slug":"bauhaus-hanau-unterstutzt-hilfsaktion-fur-patrick-s","status":"publish","type":"post","link":"https:\/\/www.fuldaernachrichten.de\/?p=104752","title":{"rendered":"Bauhaus Hanau unterst\u00fctzt Hilfsaktion f\u00fcr Patrick S."},"content":{"rendered":"<p>Hanau. Das Bauhaus in Hanau unterst\u00fctzt die Hilfsaktion der Himmelslichter Hanau in Zusammenarbeit mit dem Verein f\u00fcr \u201eTrauernde Eltern und Kinder e.V.\u201c f\u00fcr Patrick S. in Form von Sachspenden. Bei dem 21-J\u00e4hrigen Patrick S. wurde ein Gehirntumor festgestellt. Nach der Entnahme einer Gewebeprobe konnten die \u00c4rzte der Mutter von Patrick keinen positiven Befund mitteilen. Patrick leidet seit der Gewebeprobenentnahme unter epileptischen Anf\u00e4llen, hat motorische St\u00f6rungen und Sprachschwierigkeiten, in K\u00fcrze beginnt die Strahlen- und Chemotherapie. T\u00e4glich ergeben sich neue Problematiken f\u00fcr die Mutter, um sich auf die Situation einzustellen. Derzeit ben\u00f6tigt Patrick dringend ein eigenes Badezimmer, welches in seiner 1-Zimmer-Wohnung nicht vorhanden ist, sondern sich in einem Gemeinschaftsbad im 1. Stock befindet. Zudem ben\u00f6tigt er ein neues Bett. Wer die Hilfsaktion f\u00fcr Patrick unterst\u00fctzen m\u00f6chte,\u00c2\u00a0 kann sich an das Zentrum f\u00fcr Trauernde wenden \u2013 Ansprechpartner: Werner Gutheil, Telefon 06181-4289844 oder per Email info@trauern-warum-allein.de .<\/p>\n","protected":false},"excerpt":{"rendered":"<div class=\"tmnf_excerpt\"><p>Hanau. Das Bauhaus in Hanau unterst\u00fctzt die Hilfsaktion der Himmelslichter Hanau in Zusammenarbeit mit dem Verein f\u00fcr \u201eTrauernde Eltern und Kinder e.V.\u201c f\u00fcr Patrick S. in Form von Sachspenden. Bei dem 21-J\u00e4hrigen Patrick S. wurde ein Gehirntumor festgestellt. Nach der Entnahme einer Gewebeprobe konnten die \u00c4rzte der Mutter von Patrick keinen positiven Befund mitteilen. Patrick &hellip;<\/p>\n<\/div>","protected":false},"author":1,"featured_media":0,"comment_status":"closed","ping_status":"closed","sticky":false,"template":"","format":"standard","meta":{"footnotes":""},"categories":[1],"tags":[],"class_list":["post-104752","post","type-post","status-publish","format-standard","hentry","category-startseite"],"_links":{"self":[{"href":"https:\/\/www.fuldaernachrichten.de\/index.php?rest_route=\/wp\/v2\/posts\/104752","targetHints":{"allow":["GET"]}}],"collection":[{"href":"https:\/\/www.fuldaernachrichten.de\/index.php?rest_route=\/wp\/v2\/posts"}],"about":[{"href":"https:\/\/www.fuldaernachrichten.de\/index.php?rest_route=\/wp\/v2\/types\/post"}],"author":[{"embeddable":true,"href":"https:\/\/www.fuldaernachrichten.de\/index.php?rest_route=\/wp\/v2\/users\/1"}],"replies":[{"embeddable":true,"href":"https:\/\/www.fuldaernachrichten.de\/index.php?rest_route=%2Fwp%2Fv2%2Fcomments&post=104752"}],"version-history":[{"count":0,"href":"https:\/\/www.fuldaernachrichten.de\/index.php?rest_route=\/wp\/v2\/posts\/104752\/revisions"}],"wp:attachment":[{"href":"https:\/\/www.fuldaernachrichten.de\/index.php?rest_route=%2Fwp%2Fv2%2Fmedia&parent=104752"}],"wp:term":[{"taxonomy":"category","embeddable":true,"href":"https:\/\/www.fuldaernachrichten.de\/index.php?rest_route=%2Fwp%2Fv2%2Fcategories&post=104752"},{"taxonomy":"post_tag","embeddable":true,"href":"https:\/\/www.fuldaernachrichten.de\/index.php?rest_route=%2Fwp%2Fv2%2Ftags&post=104752"}],"curies":[{"name":"wp","href":"https:\/\/api.w.org\/{rel}","templated":true}]}}