{"id":104748,"date":"2012-12-06T00:12:11","date_gmt":"2012-12-06T00:12:11","guid":{"rendered":"http:\/\/www.fuldaer-nachrichten.de\/?p=104748"},"modified":"2012-12-06T08:29:53","modified_gmt":"2012-12-06T08:29:53","slug":"energiebundel-auf-vier-pfoten-dia-und-filmabend-im-auf-und-davon","status":"publish","type":"post","link":"https:\/\/www.fuldaernachrichten.de\/?p=104748","title":{"rendered":"Energieb\u00fcndel auf vier Pfoten &#8211; Dia- und Filmabend im Auf und Davon"},"content":{"rendered":"<p><img decoding=\"async\" class=\"alignleft size-thumbnail wp-image-104749\" title=\"IMG_9352\" src=\"http:\/\/www.fuldaer-nachrichten.de\/wp-content\/uploads\/2012\/12\/IMG_9352-265x166.jpg\" alt=\"\" width=\"265\" height=\"166\" srcset=\"https:\/\/www.fuldaernachrichten.de\/wp-content\/uploads\/2012\/12\/IMG_9352-265x166.jpg 265w, https:\/\/www.fuldaernachrichten.de\/wp-content\/uploads\/2012\/12\/IMG_9352.jpg 592w\" sizes=\"(max-width: 265px) 100vw, 265px\" \/>Fulda. Der Inhaber der Schlittenhundeschule Husky-Tours, Peter Tesch, veranstaltet zu Gunsten des Tierheims Fulda\/H\u00fcnfeld einen Dia und Filmabend. Am 14. Dezember, ab 20 Uhr beschreibt Peter im Auf und Davon die Magie rund um das f\u00fchren eines Hundeschlittengespanns und wie er dazu gekommen ist, in der Rh\u00f6n seinen Traum zu verwirklichen.<!--more--><br \/>\n<strong>Eckdaten zum Termin:<\/strong><br \/>\nDatum: 14.12.2012<br \/>\nZeit: 20.00Uhr<br \/>\nOrt: Auf und Davon, Karlstr.33, 36037 Fulda<br \/>\nKarten: Vorverkauf 6,- EUR, Abendkasse 8,- EUR<br \/>\nAlle Eintrittsgelder kommen dem Tierheim Fulda\/H\u00fcnfeld zu Gute.<\/p>\n<p>Foto: Peter Tesch<\/p>\n","protected":false},"excerpt":{"rendered":"<div class=\"tmnf_excerpt\"><p>Fulda. Der Inhaber der Schlittenhundeschule Husky-Tours, Peter Tesch, veranstaltet zu Gunsten des Tierheims Fulda\/H\u00fcnfeld einen Dia und Filmabend. Am 14. Dezember, ab 20 Uhr beschreibt Peter im Auf und Davon die Magie rund um das f\u00fchren eines Hundeschlittengespanns und wie er dazu gekommen ist, in der Rh\u00f6n seinen Traum zu verwirklichen.<\/p>\n<\/div>","protected":false},"author":1,"featured_media":0,"comment_status":"closed","ping_status":"closed","sticky":false,"template":"","format":"standard","meta":{"footnotes":""},"categories":[1,44],"tags":[],"class_list":["post-104748","post","type-post","status-publish","format-standard","hentry","category-startseite","category-kultur"],"_links":{"self":[{"href":"https:\/\/www.fuldaernachrichten.de\/index.php?rest_route=\/wp\/v2\/posts\/104748","targetHints":{"allow":["GET"]}}],"collection":[{"href":"https:\/\/www.fuldaernachrichten.de\/index.php?rest_route=\/wp\/v2\/posts"}],"about":[{"href":"https:\/\/www.fuldaernachrichten.de\/index.php?rest_route=\/wp\/v2\/types\/post"}],"author":[{"embeddable":true,"href":"https:\/\/www.fuldaernachrichten.de\/index.php?rest_route=\/wp\/v2\/users\/1"}],"replies":[{"embeddable":true,"href":"https:\/\/www.fuldaernachrichten.de\/index.php?rest_route=%2Fwp%2Fv2%2Fcomments&post=104748"}],"version-history":[{"count":0,"href":"https:\/\/www.fuldaernachrichten.de\/index.php?rest_route=\/wp\/v2\/posts\/104748\/revisions"}],"wp:attachment":[{"href":"https:\/\/www.fuldaernachrichten.de\/index.php?rest_route=%2Fwp%2Fv2%2Fmedia&parent=104748"}],"wp:term":[{"taxonomy":"category","embeddable":true,"href":"https:\/\/www.fuldaernachrichten.de\/index.php?rest_route=%2Fwp%2Fv2%2Fcategories&post=104748"},{"taxonomy":"post_tag","embeddable":true,"href":"https:\/\/www.fuldaernachrichten.de\/index.php?rest_route=%2Fwp%2Fv2%2Ftags&post=104748"}],"curies":[{"name":"wp","href":"https:\/\/api.w.org\/{rel}","templated":true}]}}