{"id":104746,"date":"2012-12-06T08:27:56","date_gmt":"2012-12-06T08:27:56","guid":{"rendered":"http:\/\/www.fuldaer-nachrichten.de\/?p=104746"},"modified":"2012-12-06T08:27:56","modified_gmt":"2012-12-06T08:27:56","slug":"manfred-weber-vom-lokalen-bundnis-fur-familie-vogelsbergkreis-referiert-beim-fachtag-der-bundesweiten-initiative","status":"publish","type":"post","link":"https:\/\/www.fuldaernachrichten.de\/?p=104746","title":{"rendered":"Manfred Weber vom Lokalen B\u00fcndnis f\u00fcr Familie Vogelsbergkreis referiert beim Fachtag der bundesweiten Initiative"},"content":{"rendered":"<p><img fetchpriority=\"high\" decoding=\"async\" class=\"alignleft size-thumbnail wp-image-104747\" title=\"Foto_Fachberatung_M_W_\" src=\"http:\/\/www.fuldaer-nachrichten.de\/wp-content\/uploads\/2012\/12\/Foto_Fachberatung_M_W_-265x397.jpg\" alt=\"\" width=\"265\" height=\"397\" srcset=\"https:\/\/www.fuldaernachrichten.de\/wp-content\/uploads\/2012\/12\/Foto_Fachberatung_M_W_-265x397.jpg 265w, https:\/\/www.fuldaernachrichten.de\/wp-content\/uploads\/2012\/12\/Foto_Fachberatung_M_W_-176x265.jpg 176w, https:\/\/www.fuldaernachrichten.de\/wp-content\/uploads\/2012\/12\/Foto_Fachberatung_M_W_-400x600.jpg 400w, https:\/\/www.fuldaernachrichten.de\/wp-content\/uploads\/2012\/12\/Foto_Fachberatung_M_W_.jpg 600w\" sizes=\"(max-width: 265px) 100vw, 265px\" \/>Vogelsbergkreis. \u201eEin Weg, viele L\u00f6sungen\u201c lautete das Motto des Fachtags der Lokalen B\u00fcndnisse f\u00fcr Familie, der in N\u00fcrnberg stattfand. Manfred Weber von der Handwerkskammer Wiesbaden war in N\u00fcrnberg vor Ort, um den rund 100Teilnehmerinnen und Teilnehmern seine L\u00f6sungen und Erfahrungen zum Thema \u201eStarke Partner gewinnen \u2013 Zusammenarbeit mit Unternehmen entwickeln\u201c vorzustellen.<strong> <\/strong><strong><\/strong><\/p>\n<p>In seinem Beitrag sprach Weber \u00fcber die vielf\u00e4ltigen M\u00f6glichkeiten einer erfolgreichen Zusammenarbeit zwischen den Betrieben und B\u00fcndnissen. \u201eDas Handwerk ist der Wirtschaftsfaktor mit der gr\u00f6\u00dften Familienkompetenz und somit ein idealer Partner f\u00fcr die Lokalen B\u00fcndnisse f\u00fcr Familie. Andererseits sind die B\u00fcndnisse eine hervorragende Plattform f\u00fcr die gesamte Wirtschaft, insbesondere wenn es um geeignete Rahmenbedingungen f\u00fcr die Betriebe und damit auch um mehr Lebensqualit\u00e4t f\u00fcr die Besch\u00e4ftigten geht\u201c, betonte Weber.<!--more--><\/p>\n<p>Au\u00dferdem stand das Thema \u201ekommunale Zeitpolitik f\u00fcr Familien\u201c bei dem Fachtag im Fokus vieler Beitr\u00e4ge. Denn Lokale B\u00fcndnisse sind erfinderisch, wenn es darum geht, Zeit f\u00fcr Familie zu schaffen. Dies bewiesen sie auch anl\u00e4sslich des bundesweiten Aktionstages unter dem Motto \u201eFamilie und Beruf: Wir bauen Zeitbr\u00fccken\u201c im Mai 2012. Gemeinsam mit Unternehmen, Jobcentern und Kommunen haben sie bereits Hunderte guter L\u00f6sungen umgesetzt: Sie initiieren zum Beispiel den Auf- und Ausbau von flexiblen Betreuungsangeboten f\u00fcr Schulkinder und sorgen f\u00fcr familienorientierte \u00d6ffnungszeiten. Derzeit r\u00fccken im Rahmen des vom Bundesfamilienministerium gef\u00f6rderten Pilotprojekts zur \u201eKommunalen Zeitpolitik f\u00fcr Familien\u201c Lokale B\u00fcndnisse an f\u00fcnf Standorten Familienzeitpolitik st\u00e4rker in das Blickfeld von Kommunen, Landkreisen und Unternehmen. Die Standorte sind: Aachen, der Landkreis Donau-Ries, Herzogenrath, die Gemeinde Neu Wulmstorf sowie der Saalekreis.<\/p>\n<p>Auch das B\u00fcndnis im Vogelsbergkreis hat mit kreativen Aktionen, wie zum Beispiel mit dem Verlesen einer Erkl\u00e4rung in der Kreistagssitzung, auf den \u201eZeitstress\u201c von Familien hingewiesen. \u201eDer Fachtag war eine gute M\u00f6glichkeit, meine Erfahrung an andere weiterzugeben und selbst wichtige und neue Erkenntnisse, besonders im Hinblick auf den Faktor \u201eZeit\u201c, mitzunehmen\u201c. Denn die \u201eTaktgeber\u201c Arbeitszeiten, Schul- und Betreuungszeiten oder auch der Nahverkehr bestimmen ganz wesentlich dar\u00fcber, wie viel Zeit den Familien f\u00fcr Beruf, Freizeit und das Miteinander verbleibt\u201c, sagte Weber.<\/p>\n<p>Die Veranstaltung in N\u00fcrnberg bildete den Abschluss der Veranstaltungsreihe \u2013 an den Standorten Hannover und D\u00fcsseldorf hatten im Laufe des Jahres bereits Fachtage stattgefunden. Neben Anregungen f\u00fcr eine kommunale Zeitpolitik erhielten die Teilnehmerinnen und Teilnehmer des Fachtags in N\u00fcrnberg auch Informationen zu Themen wie Web 2.0, Schulkinderbetreuung und Integration. Mehr Informationen zu dem Fachtag gibt es auf <a href=\"http:\/\/www.lokale-buendnisse-fuer-familie.de\">www.lokale-buendnisse-fuer-familie.de<\/a><\/p>\n","protected":false},"excerpt":{"rendered":"<div class=\"tmnf_excerpt\"><p>Vogelsbergkreis. \u201eEin Weg, viele L\u00f6sungen\u201c lautete das Motto des Fachtags der Lokalen B\u00fcndnisse f\u00fcr Familie, der in N\u00fcrnberg stattfand. Manfred Weber von der Handwerkskammer Wiesbaden war in N\u00fcrnberg vor Ort, um den rund 100Teilnehmerinnen und Teilnehmern seine L\u00f6sungen und Erfahrungen zum Thema \u201eStarke Partner gewinnen \u2013 Zusammenarbeit mit Unternehmen entwickeln\u201c vorzustellen. In seinem Beitrag sprach &hellip;<\/p>\n<\/div>","protected":false},"author":1,"featured_media":0,"comment_status":"closed","ping_status":"closed","sticky":false,"template":"","format":"standard","meta":{"footnotes":""},"categories":[1,53],"tags":[],"class_list":["post-104746","post","type-post","status-publish","format-standard","hentry","category-startseite","category-bildung"],"_links":{"self":[{"href":"https:\/\/www.fuldaernachrichten.de\/index.php?rest_route=\/wp\/v2\/posts\/104746","targetHints":{"allow":["GET"]}}],"collection":[{"href":"https:\/\/www.fuldaernachrichten.de\/index.php?rest_route=\/wp\/v2\/posts"}],"about":[{"href":"https:\/\/www.fuldaernachrichten.de\/index.php?rest_route=\/wp\/v2\/types\/post"}],"author":[{"embeddable":true,"href":"https:\/\/www.fuldaernachrichten.de\/index.php?rest_route=\/wp\/v2\/users\/1"}],"replies":[{"embeddable":true,"href":"https:\/\/www.fuldaernachrichten.de\/index.php?rest_route=%2Fwp%2Fv2%2Fcomments&post=104746"}],"version-history":[{"count":0,"href":"https:\/\/www.fuldaernachrichten.de\/index.php?rest_route=\/wp\/v2\/posts\/104746\/revisions"}],"wp:attachment":[{"href":"https:\/\/www.fuldaernachrichten.de\/index.php?rest_route=%2Fwp%2Fv2%2Fmedia&parent=104746"}],"wp:term":[{"taxonomy":"category","embeddable":true,"href":"https:\/\/www.fuldaernachrichten.de\/index.php?rest_route=%2Fwp%2Fv2%2Fcategories&post=104746"},{"taxonomy":"post_tag","embeddable":true,"href":"https:\/\/www.fuldaernachrichten.de\/index.php?rest_route=%2Fwp%2Fv2%2Ftags&post=104746"}],"curies":[{"name":"wp","href":"https:\/\/api.w.org\/{rel}","templated":true}]}}