{"id":104744,"date":"2012-12-06T08:25:56","date_gmt":"2012-12-06T08:25:56","guid":{"rendered":"http:\/\/www.fuldaer-nachrichten.de\/?p=104744"},"modified":"2012-12-06T08:25:56","modified_gmt":"2012-12-06T08:25:56","slug":"bastelbogen-fur-kinder-zum-fuldaer-dom-in-klassensatzstarke-im-generalvikariat-erhaltlich","status":"publish","type":"post","link":"https:\/\/www.fuldaernachrichten.de\/?p=104744","title":{"rendered":"Bastelbogen f\u00fcr Kinder zum Fuldaer Dom \u2013 In Klassensatzst\u00e4rke im Generalvikariat erh\u00e4ltlich"},"content":{"rendered":"<p><img fetchpriority=\"high\" decoding=\"async\" class=\"alignleft size-thumbnail wp-image-104745\" title=\"DSCN1272\" src=\"http:\/\/www.fuldaer-nachrichten.de\/wp-content\/uploads\/2012\/12\/DSCN1272-265x198.jpg\" alt=\"\" width=\"265\" height=\"198\" srcset=\"https:\/\/www.fuldaernachrichten.de\/wp-content\/uploads\/2012\/12\/DSCN1272-265x198.jpg 265w, https:\/\/www.fuldaernachrichten.de\/wp-content\/uploads\/2012\/12\/DSCN1272.jpg 592w\" sizes=\"(max-width: 265px) 100vw, 265px\" \/>Fulda (bpf). \u201eWas man mit den H\u00e4nden be-greift, das hat man auch schnell mit dem Kopf be-griffen!\u201cAuf diese einfache Formel bringt Klaus Depta von der \u00d6ffentlichkeitsarbeit im Bistum Fulda den Bastelbogen f\u00fcr Kinder zum Fuldaer Dom. Kinder, die den Bogen zusammenbasteln, erhalten ein kugel\u00e4hnliches Gebilde mit Ansichten vom Hochaltar des Fuldaer Doms. Dank der 360\u00c2\u00b0-Fototechnik, die hier zum Einsatz kommt, sind auch Bischofssitz, Kanzel und Kirchenschiff gleichzeitig auf der Kugel zu sehen. Gedacht ist der Bastelbogen vor allem als Vorbereitung von Schulklassen, Kommunionkindern und \u00e4hnlichen Gruppen auf einen wirklichen Dombesuch.<!--more--><br \/>\nGrundlage f\u00fcr den Bastelbogen ist ein 360\u00c2\u00b0-Fotoaufnahme aus dem virtuellen Rundgang durch den Fuldaer Dom, den das Bistum bereits vor mehreren Jahren ins Internet gestellt und im Fr\u00fchjahr auch in Buchform ver\u00f6ffentlicht hat. Die 360\u00c2\u00b0-Fotos f\u00fcr Rundgang, Buch und damit auch f\u00fcr den Bastelbogen stammen von Michael M\u00fcller von der Firma \u201em-innovations\u201c. Marlis Felber von der Schulabteilung im Bisch\u00f6flichen Generalvikariat hat eine kleine Handreichung entworfen, die sich an bastelnde Kinder richtet, gleichzeitig aber auch f\u00fcr die Hand der Lehrerin bzw. des Lehrers gedacht ist.<\/p>\n<p>Bastelbogen (auch im Klassensatz) und Handreichung sind, solange der Vorrat reicht, ab 10. Dezember kostenlos erh\u00e4ltlich bei der Stabsstelle \u00d6ffentlichkeitsarbeit im Bisch\u00f6flichen Generalvikariat, Paulustor 5, 36037 Fulda, Tel. 0661\/87-259.<\/p>\n<p>Zum Foto: Marlis Felber und Klaus Depta pr\u00e4sentieren den neuen Dom-Bastelbogen.<\/p>\n","protected":false},"excerpt":{"rendered":"<div class=\"tmnf_excerpt\"><p>Fulda (bpf). \u201eWas man mit den H\u00e4nden be-greift, das hat man auch schnell mit dem Kopf be-griffen!\u201cAuf diese einfache Formel bringt Klaus Depta von der \u00d6ffentlichkeitsarbeit im Bistum Fulda den Bastelbogen f\u00fcr Kinder zum Fuldaer Dom. Kinder, die den Bogen zusammenbasteln, erhalten ein kugel\u00e4hnliches Gebilde mit Ansichten vom Hochaltar des Fuldaer Doms. Dank der 360\u00c2\u00b0-Fototechnik, &hellip;<\/p>\n<\/div>","protected":false},"author":1,"featured_media":0,"comment_status":"closed","ping_status":"closed","sticky":false,"template":"","format":"standard","meta":{"footnotes":""},"categories":[1,50],"tags":[],"class_list":["post-104744","post","type-post","status-publish","format-standard","hentry","category-startseite","category-kirche"],"_links":{"self":[{"href":"https:\/\/www.fuldaernachrichten.de\/index.php?rest_route=\/wp\/v2\/posts\/104744","targetHints":{"allow":["GET"]}}],"collection":[{"href":"https:\/\/www.fuldaernachrichten.de\/index.php?rest_route=\/wp\/v2\/posts"}],"about":[{"href":"https:\/\/www.fuldaernachrichten.de\/index.php?rest_route=\/wp\/v2\/types\/post"}],"author":[{"embeddable":true,"href":"https:\/\/www.fuldaernachrichten.de\/index.php?rest_route=\/wp\/v2\/users\/1"}],"replies":[{"embeddable":true,"href":"https:\/\/www.fuldaernachrichten.de\/index.php?rest_route=%2Fwp%2Fv2%2Fcomments&post=104744"}],"version-history":[{"count":0,"href":"https:\/\/www.fuldaernachrichten.de\/index.php?rest_route=\/wp\/v2\/posts\/104744\/revisions"}],"wp:attachment":[{"href":"https:\/\/www.fuldaernachrichten.de\/index.php?rest_route=%2Fwp%2Fv2%2Fmedia&parent=104744"}],"wp:term":[{"taxonomy":"category","embeddable":true,"href":"https:\/\/www.fuldaernachrichten.de\/index.php?rest_route=%2Fwp%2Fv2%2Fcategories&post=104744"},{"taxonomy":"post_tag","embeddable":true,"href":"https:\/\/www.fuldaernachrichten.de\/index.php?rest_route=%2Fwp%2Fv2%2Ftags&post=104744"}],"curies":[{"name":"wp","href":"https:\/\/api.w.org\/{rel}","templated":true}]}}