{"id":104743,"date":"2012-12-06T00:23:08","date_gmt":"2012-12-06T00:23:08","guid":{"rendered":"http:\/\/www.fuldaer-nachrichten.de\/?p=104743"},"modified":"2012-12-06T08:24:31","modified_gmt":"2012-12-06T08:24:31","slug":"train-the-trainer-seminar-schult-ubungsleiter-aus-dem-behindertensportbereich","status":"publish","type":"post","link":"https:\/\/www.fuldaernachrichten.de\/?p=104743","title":{"rendered":"\u201etrain the trainer\u201c Seminar schult \u00dcbungsleiter aus dem Behindertensportbereich"},"content":{"rendered":"<p>Fulda- Vom 8. bis zum 9. Dezember findet die Multiplikatorenschulung \u201ePRO-Skills II\u201c an der Hochschule Fulda statt. PRO-Skills II ist ein Europ\u00e4isches Projekt, bei dem es um die Entwicklung sozialer und personeller Kompetenzen bei sozial Benachteiligten geht.\u00c2\u00a0 Die Hochschule<br \/>\nFulda wird durch den Hochschulsport in diesem Projekt vertreten und setzt an diesem Wochenende das deutsche \u201etrain the trainer-Seminar\u201c um. Teilnehmen d\u00fcrfen 15 ausgew\u00e4hlte Trainer und Betreuer aus dem Behinderten- und Rehabilitationssportbereich. Referenten sind Harald Sch\u00e4fer (Bildungsakademie des Landessportbundes Hessen), Thomas Prokein (Referent f\u00fcr Sport und Lehre des Hessischen Behinderten- und Rehabilitationssportverbandes HBRS), Will Sonnenberg (Landeslehrwart des HBRS) und Dr. Jan Ries (Hochschule Fulda, Lehrender in den Bereichen Sport, Gesundheit, Soziales Lernen). <!--more--><\/p>\n<p>Inhaltlich werden Transferaufgaben gestellt und \u00dcbungen im gesamtgesellschaftlichen Kontext sozialer und personeller Kompetenzen umgestaltet, erprobt und analysiert.\u00c2\u00a0 Das L\u00f6sen komplexer Probleml\u00f6sungsaufgaben geh\u00f6rt genauso zur Schulung, wie das Anleiten der \u00dcbungsleiter und \u2013leiterinnen zur Nutzung dieser Aufgaben in eigenen \u00dcbungseinheiten. Die Ergebnisse und Erfahrungen des Schulungswochenendes werden im Februar 2013 in Vaasa, Finnland, bei einem europ\u00e4ischen PRO-Skills II Meeting mit den anderen europ\u00e4ischen Projektpartnern ausgetauscht.<\/p>\n","protected":false},"excerpt":{"rendered":"<div class=\"tmnf_excerpt\"><p>Fulda- Vom 8. bis zum 9. Dezember findet die Multiplikatorenschulung \u201ePRO-Skills II\u201c an der Hochschule Fulda statt. PRO-Skills II ist ein Europ\u00e4isches Projekt, bei dem es um die Entwicklung sozialer und personeller Kompetenzen bei sozial Benachteiligten geht.\u00c2\u00a0 Die Hochschule Fulda wird durch den Hochschulsport in diesem Projekt vertreten und setzt an diesem Wochenende das deutsche &hellip;<\/p>\n<\/div>","protected":false},"author":1,"featured_media":0,"comment_status":"closed","ping_status":"closed","sticky":false,"template":"","format":"standard","meta":{"footnotes":""},"categories":[1,46],"tags":[],"class_list":["post-104743","post","type-post","status-publish","format-standard","hentry","category-startseite","category-sport"],"_links":{"self":[{"href":"https:\/\/www.fuldaernachrichten.de\/index.php?rest_route=\/wp\/v2\/posts\/104743","targetHints":{"allow":["GET"]}}],"collection":[{"href":"https:\/\/www.fuldaernachrichten.de\/index.php?rest_route=\/wp\/v2\/posts"}],"about":[{"href":"https:\/\/www.fuldaernachrichten.de\/index.php?rest_route=\/wp\/v2\/types\/post"}],"author":[{"embeddable":true,"href":"https:\/\/www.fuldaernachrichten.de\/index.php?rest_route=\/wp\/v2\/users\/1"}],"replies":[{"embeddable":true,"href":"https:\/\/www.fuldaernachrichten.de\/index.php?rest_route=%2Fwp%2Fv2%2Fcomments&post=104743"}],"version-history":[{"count":0,"href":"https:\/\/www.fuldaernachrichten.de\/index.php?rest_route=\/wp\/v2\/posts\/104743\/revisions"}],"wp:attachment":[{"href":"https:\/\/www.fuldaernachrichten.de\/index.php?rest_route=%2Fwp%2Fv2%2Fmedia&parent=104743"}],"wp:term":[{"taxonomy":"category","embeddable":true,"href":"https:\/\/www.fuldaernachrichten.de\/index.php?rest_route=%2Fwp%2Fv2%2Fcategories&post=104743"},{"taxonomy":"post_tag","embeddable":true,"href":"https:\/\/www.fuldaernachrichten.de\/index.php?rest_route=%2Fwp%2Fv2%2Ftags&post=104743"}],"curies":[{"name":"wp","href":"https:\/\/api.w.org\/{rel}","templated":true}]}}