{"id":104740,"date":"2012-12-06T00:10:15","date_gmt":"2012-12-06T00:10:15","guid":{"rendered":"http:\/\/www.fuldaer-nachrichten.de\/?p=104740"},"modified":"2012-12-05T13:40:55","modified_gmt":"2012-12-05T13:40:55","slug":"veranstaltungsprogramm-des-1-halbjahres-2013-fur-senioren-im-burgerburo-erhaltlich","status":"publish","type":"post","link":"https:\/\/www.fuldaernachrichten.de\/?p=104740","title":{"rendered":"Veranstaltungsprogramm des 1. Halbjahres 2013 f\u00fcr Senioren im B\u00fcrgerb\u00fcro erh\u00e4ltlich"},"content":{"rendered":"<p>Fulda (cp). Die Stadt Fulda organisiert eine Vielzahl an Veranstaltungen f\u00fcr \u00e4ltere B\u00fcrgerinnen und B\u00fcrger. Damit diese auch nachlesen k\u00f6nnen, was wann und wo von der Stadt angeboten wird, erscheint das Veranstaltungsprogramm f\u00fcr 2013 zweimal j\u00e4hrlich in einer optisch ansprechenden Form. Fast 80 Angebote allein f\u00fcr das erste Halbjahr 2013 sind in der Brosch\u00fcre aufgelistet und beschrieben. \u201eBei dieser Vielfalt der Angebote ist f\u00fcr jeden etwas dabei\u201c, ist sich B\u00fcrgermeister Dr. Wolfgang Dippel sicher. Nun k\u00f6nne man sich durch schon vor Ende diesen Jahres einen guten \u00dcberblick \u00fcber die Veranstaltungen des n\u00e4chsten Jahres verschaffen und somit fr\u00fchzeitig planen, f\u00fcgte Dippel hinzu.<!--more--><br \/>\n<strong>Anregungen willkommen<\/strong><br \/>\nDas Spektrum reicht von Fastnachtsveranstaltungen \u00fcber Besichtigungen und Wanderungen bis hin zu Ausfl\u00fcgen. Der Schwerpunkt liegt wieder auf regionalen Veranstaltungen, aber auch Fahrten zu attraktiven Zielen au\u00dferhalb der Region werden angeboten. \u201eWir freuen uns \u00fcber die vielen positiven R\u00fcckmeldungen zu unserem Seniorenprogramm und nehmen nat\u00fcrlich gerne Anregungen auf\u201c, betont Sozialdezernent Dr. Dippel.<\/p>\n<p><strong>\u00dcbersicht \u00fcber Veranstaltungen<\/strong><br \/>\nDie Brosch\u00fcre \u201eUnsere Veranstaltungen f\u00fcr \u00e4ltere Menschen\u201c ist ab sofort im B\u00fcrgerb\u00fcro, in der Servicestelle Soziales und im Seniorenb\u00fcro erh\u00e4ltlich. Eine \u00dcbersicht \u00fcber die Veranstaltungen finden Sie auch im Internet unter <a href=\"http:\/\/www.fulda.de\/Veranstaltungen\" target=\"_blank\">www.fulda.de\/Veranstaltungen<\/a>.<\/p>\n","protected":false},"excerpt":{"rendered":"<div class=\"tmnf_excerpt\"><p>Fulda (cp). Die Stadt Fulda organisiert eine Vielzahl an Veranstaltungen f\u00fcr \u00e4ltere B\u00fcrgerinnen und B\u00fcrger. Damit diese auch nachlesen k\u00f6nnen, was wann und wo von der Stadt angeboten wird, erscheint das Veranstaltungsprogramm f\u00fcr 2013 zweimal j\u00e4hrlich in einer optisch ansprechenden Form. Fast 80 Angebote allein f\u00fcr das erste Halbjahr 2013 sind in der Brosch\u00fcre aufgelistet &hellip;<\/p>\n<\/div>","protected":false},"author":1,"featured_media":0,"comment_status":"closed","ping_status":"closed","sticky":false,"template":"","format":"standard","meta":{"footnotes":""},"categories":[1],"tags":[],"class_list":["post-104740","post","type-post","status-publish","format-standard","hentry","category-startseite"],"_links":{"self":[{"href":"https:\/\/www.fuldaernachrichten.de\/index.php?rest_route=\/wp\/v2\/posts\/104740","targetHints":{"allow":["GET"]}}],"collection":[{"href":"https:\/\/www.fuldaernachrichten.de\/index.php?rest_route=\/wp\/v2\/posts"}],"about":[{"href":"https:\/\/www.fuldaernachrichten.de\/index.php?rest_route=\/wp\/v2\/types\/post"}],"author":[{"embeddable":true,"href":"https:\/\/www.fuldaernachrichten.de\/index.php?rest_route=\/wp\/v2\/users\/1"}],"replies":[{"embeddable":true,"href":"https:\/\/www.fuldaernachrichten.de\/index.php?rest_route=%2Fwp%2Fv2%2Fcomments&post=104740"}],"version-history":[{"count":0,"href":"https:\/\/www.fuldaernachrichten.de\/index.php?rest_route=\/wp\/v2\/posts\/104740\/revisions"}],"wp:attachment":[{"href":"https:\/\/www.fuldaernachrichten.de\/index.php?rest_route=%2Fwp%2Fv2%2Fmedia&parent=104740"}],"wp:term":[{"taxonomy":"category","embeddable":true,"href":"https:\/\/www.fuldaernachrichten.de\/index.php?rest_route=%2Fwp%2Fv2%2Fcategories&post=104740"},{"taxonomy":"post_tag","embeddable":true,"href":"https:\/\/www.fuldaernachrichten.de\/index.php?rest_route=%2Fwp%2Fv2%2Ftags&post=104740"}],"curies":[{"name":"wp","href":"https:\/\/api.w.org\/{rel}","templated":true}]}}