{"id":104736,"date":"2012-12-06T00:11:39","date_gmt":"2012-12-06T00:11:39","guid":{"rendered":"http:\/\/www.fuldaer-nachrichten.de\/?p=104736"},"modified":"2012-12-05T13:38:35","modified_gmt":"2012-12-05T13:38:35","slug":"adventliche-feier-der-kreisgruppe-fulda-der-sudetendeutschen-landsmannschaft","status":"publish","type":"post","link":"https:\/\/www.fuldaernachrichten.de\/?p=104736","title":{"rendered":"Adventliche Feier der Kreisgruppe Fulda der Sudetendeutschen Landsmannschaft"},"content":{"rendered":"<p><img fetchpriority=\"high\" decoding=\"async\" class=\"alignleft size-thumbnail wp-image-104737\" title=\"2012_12_05_AdventsfeierSLFulda_IMG_0896-(2)\" src=\"http:\/\/www.fuldaer-nachrichten.de\/wp-content\/uploads\/2012\/12\/2012_12_05_AdventsfeierSLFulda_IMG_0896-2-265x198.jpg\" alt=\"\" width=\"265\" height=\"198\" srcset=\"https:\/\/www.fuldaernachrichten.de\/wp-content\/uploads\/2012\/12\/2012_12_05_AdventsfeierSLFulda_IMG_0896-2-265x198.jpg 265w, https:\/\/www.fuldaernachrichten.de\/wp-content\/uploads\/2012\/12\/2012_12_05_AdventsfeierSLFulda_IMG_0896-2.jpg 592w\" sizes=\"(max-width: 265px) 100vw, 265px\" \/>Fulda. Auf Einladung der Kreisgruppe Fulda der Sudetendeutschen Landsmannschaft besuchte die Landesbeauftragte der Hessischen Landesregierung f\u00fcr Heimatvertriebene und Sp\u00e4taussiedler, Margarete Ziegler-Raschdorf, die traditionelle adventliche Feier in Fulda-Lehnerz. Im weihnachtlich geschm\u00fcckten B\u00fcrgerhaus \u201eGrillenburg\u201c stimmten sich rund 120 Mitglieder und G\u00e4ste bei Egerl\u00e4nder Stubenmusik unter Leitung von Heinz Sattler auf die Adventszeit ein.<!--more--><br \/>\nDie Landesbeauftragte dankte dem Kreisobmann Rudolf Bauer und dem stellvertretenden Kreisobmann Ernst Herold f\u00fcr die vielf\u00e4ltigen Projekte der Landsmannschaft. Zu nennen seien die Gedenkfeier zum 4. M\u00e4rz, die j\u00e4hrliche Fahrt zum Sudetendeutschen Tag an Pfingsten, die Totengedenkfeier und die Adventsfeier. Diese von der sudetendeutschen Kreisgruppe seit Jahren gepflegten Veranstaltungen st\u00e4rkten das Gemeinschaftsgef\u00fchl der Mitglieder, g\u00e4ben ein St\u00fcck Heimat und auch die Kraft, das Vertreibungsschicksal besser zu verarbeiten. Gerade im Alter k\u00e4men bei vielen Betroffenen die schlimmen Erinnerungen an das Geschehene oft erneut schmerzhaft zum Bewusstsein.<\/p>\n<p>\u201eEs geht der Kreisgruppe Fulda der Sudetendeutschen Landsmannschaft einmal um die soziale Arbeit am und mit den Menschen hier vor Ort und auch um den Kontakt und die Verst\u00e4ndigung mit den Menschen, die heute in den Heimatgebieten leben. Das ist praktische Vers\u00f6hnungs- und Zukunftsarbeit\u201c, so die Landesbeauftragte.<\/p>\n<p>Frau Ziegler-Raschdorf betonte die Patenschaftsverpflichtung der Stadt Fulda \u00fcber die St\u00e4dte Leitmeritz und Oberglogau und verwies auf die St\u00e4dtepartnerschaft zwischen Fulda und Leitmeritz, die 2001 vereinbart worden sei. Sie hob die Bewahrung des Kulturgutes der Vertreibungsgebiete hervor, wie sie im\u00c2\u00a0 Leitmeritzer Heimatmuseum, der Ostdeutschen Heimatstube des Bundes der Vertriebenen in Fulda, ebenso wie in der Friedlandstube in H\u00fcnfeld, der Heimatstube in Flieden und der Heimatstube der Egerl\u00e4nder in Eichenzell-Welkers eindrucksvoll geleistet werde.<\/p>\n<p>Mit den besten W\u00fcnschen f\u00fcr ein gesegnetes und friedvolles Weihnachtsfest und ein gutes neues Jahr beschloss die Landesbeauftragte ihren Besuch. Beim gemeinsamen Singen der Lieder aus der alten Heimat und vieler traditioneller Weihnachtslieder klang der besinnliche Nachmittag aus.<\/p>\n<p>Foto: Frau Landesbeauftragte Margarete Ziegler-Raschdorf (links) im gut gef\u00fcllten B\u00fcrgerhaus \u201eGrillenburg\u201c in Fulda-Lehnerz im Gespr\u00e4ch mit dem Kreisobmann der Sudetendeutschen Landsmannschaft Fulda, Herrn Rudolf Bauer. Rechts daneben der Vertriebenenseelsorger der Di\u00f6zese Fulda, Herr Pfarrer i.R. Erwin Lachnit<\/p>\n","protected":false},"excerpt":{"rendered":"<div class=\"tmnf_excerpt\"><p>Fulda. Auf Einladung der Kreisgruppe Fulda der Sudetendeutschen Landsmannschaft besuchte die Landesbeauftragte der Hessischen Landesregierung f\u00fcr Heimatvertriebene und Sp\u00e4taussiedler, Margarete Ziegler-Raschdorf, die traditionelle adventliche Feier in Fulda-Lehnerz. Im weihnachtlich geschm\u00fcckten B\u00fcrgerhaus \u201eGrillenburg\u201c stimmten sich rund 120 Mitglieder und G\u00e4ste bei Egerl\u00e4nder Stubenmusik unter Leitung von Heinz Sattler auf die Adventszeit ein.<\/p>\n<\/div>","protected":false},"author":1,"featured_media":0,"comment_status":"closed","ping_status":"closed","sticky":false,"template":"","format":"standard","meta":{"footnotes":""},"categories":[1,29],"tags":[],"class_list":["post-104736","post","type-post","status-publish","format-standard","hentry","category-startseite","category-politik"],"_links":{"self":[{"href":"https:\/\/www.fuldaernachrichten.de\/index.php?rest_route=\/wp\/v2\/posts\/104736","targetHints":{"allow":["GET"]}}],"collection":[{"href":"https:\/\/www.fuldaernachrichten.de\/index.php?rest_route=\/wp\/v2\/posts"}],"about":[{"href":"https:\/\/www.fuldaernachrichten.de\/index.php?rest_route=\/wp\/v2\/types\/post"}],"author":[{"embeddable":true,"href":"https:\/\/www.fuldaernachrichten.de\/index.php?rest_route=\/wp\/v2\/users\/1"}],"replies":[{"embeddable":true,"href":"https:\/\/www.fuldaernachrichten.de\/index.php?rest_route=%2Fwp%2Fv2%2Fcomments&post=104736"}],"version-history":[{"count":0,"href":"https:\/\/www.fuldaernachrichten.de\/index.php?rest_route=\/wp\/v2\/posts\/104736\/revisions"}],"wp:attachment":[{"href":"https:\/\/www.fuldaernachrichten.de\/index.php?rest_route=%2Fwp%2Fv2%2Fmedia&parent=104736"}],"wp:term":[{"taxonomy":"category","embeddable":true,"href":"https:\/\/www.fuldaernachrichten.de\/index.php?rest_route=%2Fwp%2Fv2%2Fcategories&post=104736"},{"taxonomy":"post_tag","embeddable":true,"href":"https:\/\/www.fuldaernachrichten.de\/index.php?rest_route=%2Fwp%2Fv2%2Ftags&post=104736"}],"curies":[{"name":"wp","href":"https:\/\/api.w.org\/{rel}","templated":true}]}}