{"id":104733,"date":"2012-12-06T00:10:53","date_gmt":"2012-12-06T00:10:53","guid":{"rendered":"http:\/\/www.fuldaer-nachrichten.de\/?p=104733"},"modified":"2012-12-05T13:36:45","modified_gmt":"2012-12-05T13:36:45","slug":"neuer-aufstieg-auf-dem-theresienhof-teams-von-rubsam-fachkrafte-und-stahlbau-hahner-bauen-treppe-fur-perspektiva","status":"publish","type":"post","link":"https:\/\/www.fuldaernachrichten.de\/?p=104733","title":{"rendered":"Neuer Aufstieg auf dem Theresienhof &#8211; Teams von R\u00fcbsam Fachkr\u00e4fte und Stahlbau Hahner bauen Treppe f\u00fcr Perspektiva"},"content":{"rendered":"<p><strong><img decoding=\"async\" class=\"alignleft size-thumbnail wp-image-104734\" title=\"Perspektiva-Treppe\" src=\"http:\/\/www.fuldaer-nachrichten.de\/wp-content\/uploads\/2012\/12\/Perspektiva-Treppe-265x174.jpg\" alt=\"\" width=\"265\" height=\"174\" srcset=\"https:\/\/www.fuldaernachrichten.de\/wp-content\/uploads\/2012\/12\/Perspektiva-Treppe-265x174.jpg 265w, https:\/\/www.fuldaernachrichten.de\/wp-content\/uploads\/2012\/12\/Perspektiva-Treppe.jpg 592w\" sizes=\"(max-width: 265px) 100vw, 265px\" \/>Fulda<\/strong>. Es geht voran auf dem Theresienhof: Das Perspektiva-Team hat von den Unternehmen R\u00fcbsam Fachkr\u00e4fte und Stahlbau Hahner eine neue Treppe erhalten, die vom Au\u00dfenbereich in den neuen Seminarraum f\u00fchrt. \u201eDie Zahl der Jugendlichen, die uns aufsuchen, ist in den zur\u00fcckliegenden drei Jahren stark gestiegen. Deshalb haben wir vor einigen Monaten ein Dachgeschoss unseres Geb\u00e4udes zu einem Seminarraum umgebaut. Was allerdings noch fehlte, war eine stabile Treppe, die von au\u00dfen direkt zu diesem Raum f\u00fchrt\u201c, erl\u00e4utert Perspektiva-Gesch\u00e4ftsf\u00fchrer Michael Becker. <!--more--><\/p>\n<p>Im Schulterschluss haben die Teams der Petersberger Unternehmen die Au\u00dfentreppe angefertigt: \u201eDie \u00c2\u00a0Mitarbeiter der Firma Stahlbau Hahner haben die Treppe aus verzinktem Stahl zugeschnitten und zwei unserer Schwei\u00dfer haben die einzelnen Bestandteile verschwei\u00dft. Diese Zusammenarbeit hat hervorragend funktioniert\u201c, erkl\u00e4rt Erhard R\u00fcbsam, der neben Bernhard Hahner zu den rund 70 Perspektiva-Gesellschaftern geh\u00f6rt.<\/p>\n<p>BU: Probestehen auf der neuen Treppe: Perspektiva-Gesch\u00e4ftsf\u00fchrer Michael Becker mit den Unternehmern Erhard R\u00fcbsam und Bernhard Hahner sowie den Perspektiva-Jugendlichen Mike Auth, Ren\u00e9 Hintze, Andrea Weisenborn und Marcel Vey (von links).<\/p>\n<p>&nbsp;<\/p>\n","protected":false},"excerpt":{"rendered":"<div class=\"tmnf_excerpt\"><p>Fulda. Es geht voran auf dem Theresienhof: Das Perspektiva-Team hat von den Unternehmen R\u00fcbsam Fachkr\u00e4fte und Stahlbau Hahner eine neue Treppe erhalten, die vom Au\u00dfenbereich in den neuen Seminarraum f\u00fchrt. \u201eDie Zahl der Jugendlichen, die uns aufsuchen, ist in den zur\u00fcckliegenden drei Jahren stark gestiegen. Deshalb haben wir vor einigen Monaten ein Dachgeschoss unseres Geb\u00e4udes &hellip;<\/p>\n<\/div>","protected":false},"author":1,"featured_media":0,"comment_status":"closed","ping_status":"closed","sticky":false,"template":"","format":"standard","meta":{"footnotes":""},"categories":[1,29],"tags":[],"class_list":["post-104733","post","type-post","status-publish","format-standard","hentry","category-startseite","category-politik"],"_links":{"self":[{"href":"https:\/\/www.fuldaernachrichten.de\/index.php?rest_route=\/wp\/v2\/posts\/104733","targetHints":{"allow":["GET"]}}],"collection":[{"href":"https:\/\/www.fuldaernachrichten.de\/index.php?rest_route=\/wp\/v2\/posts"}],"about":[{"href":"https:\/\/www.fuldaernachrichten.de\/index.php?rest_route=\/wp\/v2\/types\/post"}],"author":[{"embeddable":true,"href":"https:\/\/www.fuldaernachrichten.de\/index.php?rest_route=\/wp\/v2\/users\/1"}],"replies":[{"embeddable":true,"href":"https:\/\/www.fuldaernachrichten.de\/index.php?rest_route=%2Fwp%2Fv2%2Fcomments&post=104733"}],"version-history":[{"count":0,"href":"https:\/\/www.fuldaernachrichten.de\/index.php?rest_route=\/wp\/v2\/posts\/104733\/revisions"}],"wp:attachment":[{"href":"https:\/\/www.fuldaernachrichten.de\/index.php?rest_route=%2Fwp%2Fv2%2Fmedia&parent=104733"}],"wp:term":[{"taxonomy":"category","embeddable":true,"href":"https:\/\/www.fuldaernachrichten.de\/index.php?rest_route=%2Fwp%2Fv2%2Fcategories&post=104733"},{"taxonomy":"post_tag","embeddable":true,"href":"https:\/\/www.fuldaernachrichten.de\/index.php?rest_route=%2Fwp%2Fv2%2Ftags&post=104733"}],"curies":[{"name":"wp","href":"https:\/\/api.w.org\/{rel}","templated":true}]}}