{"id":104731,"date":"2012-12-06T00:10:12","date_gmt":"2012-12-06T00:10:12","guid":{"rendered":"http:\/\/www.fuldaer-nachrichten.de\/?p=104731"},"modified":"2012-12-05T13:35:43","modified_gmt":"2012-12-05T13:35:43","slug":"spatzennest-loschenrod-verabschiedet-margitta-dick","status":"publish","type":"post","link":"https:\/\/www.fuldaernachrichten.de\/?p=104731","title":{"rendered":"\u201eSpatzennest\u201c L\u00f6schenrod verabschiedet Margitta Dick"},"content":{"rendered":"<p><img fetchpriority=\"high\" decoding=\"async\" class=\"alignleft size-thumbnail wp-image-104732\" title=\"Verabschiedung Margitta Dick\" src=\"http:\/\/www.fuldaer-nachrichten.de\/wp-content\/uploads\/2012\/12\/Verabschiedung-Margitta-Dick-265x212.jpg\" alt=\"\" width=\"265\" height=\"212\" srcset=\"https:\/\/www.fuldaernachrichten.de\/wp-content\/uploads\/2012\/12\/Verabschiedung-Margitta-Dick-265x212.jpg 265w, https:\/\/www.fuldaernachrichten.de\/wp-content\/uploads\/2012\/12\/Verabschiedung-Margitta-Dick.jpg 600w\" sizes=\"(max-width: 265px) 100vw, 265px\" \/>L\u00f6schenrod. Im Rahmen einer kleinen Feierstunde in der Kindertagesst\u00e4tte \u201eSpatzennest\u201c L\u00f6schenrod wurde die langj\u00e4hrige Mitarbeiterin Margitta Dick von B\u00fcrgermeister Dieter Kolb, dem Leiter des Haupt- und Personalamtes Wolfgang J\u00e4ger und der Leiterin der Kindertagesst\u00e4tte Bettina Kutsche in die Ruhephase der Altersteilzeit verabschiedet.<!--more--><\/p>\n<p>Margitta Dick wurde am 01.03.1991 als K\u00f6chin im Kindergarten R\u00f6nshausen eingestellt. Zu ihren Aufgaben geh\u00f6rte neben der Zubereitung auch das Ausfahren von Mittagessen an die Kinderg\u00e4rten der Gemeinde. Da zum 01.04.1998 aus Kostengr\u00fcnden die eigene K\u00fcche geschlossen wurde, wechselte Margitta Dick zur Kindertagesst\u00e4tte L\u00f6schenrod und wurde dort zur Unterst\u00fctzung des Kindergartenteams als Zweitkraft in der Gruppe der Leiterin eingesetzt. Frau Dick war hier u.a. mit der Schlafwache f\u00fcr Kinder, die ganzt\u00e4gig die Einrichtung besuchten, betraut und leitete im 14-t\u00e4gigen Rhythmus die Bewegungsstunde. Zuletzt war sie als Zweitkraft in einer U-3 Gruppe eingesetzt.<\/p>\n<p>B\u00fcrgermeister Dieter Kolb bedankte sich im Beisein von Kolleginnen und einigen Kindern, die ein Lied vortrugen, f\u00fcr das besondere Engagement und ihre hohe Zuverl\u00e4ssigkeit w\u00e4hrend ihrer \u00fcber 21-j\u00e4hrigen Dienstzeit f\u00fcr die Gemeinde Eichenzell und zum Wohle der Kinder.<\/p>\n<p>Als Zeichen der Anerkennung \u00fcberreichte er ihr einen Blumenstrau\u00df und ein Pr\u00e4sent des Gemeindevorstandes und w\u00fcnschte ihr f\u00fcr die anstehende \u201eRuhephase\u201c alles Gute.<\/p>\n<p>&nbsp;<\/p>\n<p>&nbsp;<\/p>\n<p>&nbsp;<\/p>\n","protected":false},"excerpt":{"rendered":"<div class=\"tmnf_excerpt\"><p>L\u00f6schenrod. Im Rahmen einer kleinen Feierstunde in der Kindertagesst\u00e4tte \u201eSpatzennest\u201c L\u00f6schenrod wurde die langj\u00e4hrige Mitarbeiterin Margitta Dick von B\u00fcrgermeister Dieter Kolb, dem Leiter des Haupt- und Personalamtes Wolfgang J\u00e4ger und der Leiterin der Kindertagesst\u00e4tte Bettina Kutsche in die Ruhephase der Altersteilzeit verabschiedet.<\/p>\n<\/div>","protected":false},"author":1,"featured_media":0,"comment_status":"closed","ping_status":"closed","sticky":false,"template":"","format":"standard","meta":{"footnotes":""},"categories":[1,72],"tags":[],"class_list":["post-104731","post","type-post","status-publish","format-standard","hentry","category-startseite","category-jugend"],"_links":{"self":[{"href":"https:\/\/www.fuldaernachrichten.de\/index.php?rest_route=\/wp\/v2\/posts\/104731","targetHints":{"allow":["GET"]}}],"collection":[{"href":"https:\/\/www.fuldaernachrichten.de\/index.php?rest_route=\/wp\/v2\/posts"}],"about":[{"href":"https:\/\/www.fuldaernachrichten.de\/index.php?rest_route=\/wp\/v2\/types\/post"}],"author":[{"embeddable":true,"href":"https:\/\/www.fuldaernachrichten.de\/index.php?rest_route=\/wp\/v2\/users\/1"}],"replies":[{"embeddable":true,"href":"https:\/\/www.fuldaernachrichten.de\/index.php?rest_route=%2Fwp%2Fv2%2Fcomments&post=104731"}],"version-history":[{"count":0,"href":"https:\/\/www.fuldaernachrichten.de\/index.php?rest_route=\/wp\/v2\/posts\/104731\/revisions"}],"wp:attachment":[{"href":"https:\/\/www.fuldaernachrichten.de\/index.php?rest_route=%2Fwp%2Fv2%2Fmedia&parent=104731"}],"wp:term":[{"taxonomy":"category","embeddable":true,"href":"https:\/\/www.fuldaernachrichten.de\/index.php?rest_route=%2Fwp%2Fv2%2Fcategories&post=104731"},{"taxonomy":"post_tag","embeddable":true,"href":"https:\/\/www.fuldaernachrichten.de\/index.php?rest_route=%2Fwp%2Fv2%2Ftags&post=104731"}],"curies":[{"name":"wp","href":"https:\/\/api.w.org\/{rel}","templated":true}]}}