{"id":104725,"date":"2012-12-06T00:11:09","date_gmt":"2012-12-06T00:11:09","guid":{"rendered":"http:\/\/www.fuldaer-nachrichten.de\/?p=104725"},"modified":"2012-12-05T13:29:40","modified_gmt":"2012-12-05T13:29:40","slug":"adventliches-gitarrenkonzert-in-der-kinderklinik-des-klinikums-fulda","status":"publish","type":"post","link":"https:\/\/www.fuldaernachrichten.de\/?p=104725","title":{"rendered":"Adventliches Gitarrenkonzert in der Kinderklinik des Klinikums Fulda"},"content":{"rendered":"<p>Fulda. Am Samstag, 08. Dezember 2012 musiziert das Fuldaer Gitarrenensemble um 16.00 Uhr im Atrium der Klinik f\u00fcr Kinder- und Jugendmedizin des Klinikums Fulda. Das Gitarrenensemble bietet bereits zum 9. Mal Advents- und Weihnachtsmusik f\u00fcr die kleinen Patienten der Kinderklinik. Die 10- bis 18-j\u00e4hrigen Sch\u00fcler und Sch\u00fclerinnen \u00c2\u00a0werden unter der Leitung von Lothar Ebert eine breite Palette vorweihnachtlicher Adventsmusik sowie bekannte Advents- und Weihnachtslieder zum Mitsingen vortragen. Alle Interessierten sind herzlich eingeladen, zu diesem Anlass in die Kinderklinik (2. Etage) zu kommen.<\/p>\n","protected":false},"excerpt":{"rendered":"<div class=\"tmnf_excerpt\"><p>Fulda. Am Samstag, 08. Dezember 2012 musiziert das Fuldaer Gitarrenensemble um 16.00 Uhr im Atrium der Klinik f\u00fcr Kinder- und Jugendmedizin des Klinikums Fulda. Das Gitarrenensemble bietet bereits zum 9. Mal Advents- und Weihnachtsmusik f\u00fcr die kleinen Patienten der Kinderklinik. Die 10- bis 18-j\u00e4hrigen Sch\u00fcler und Sch\u00fclerinnen \u00c2\u00a0werden unter der Leitung von Lothar Ebert eine &hellip;<\/p>\n<\/div>","protected":false},"author":1,"featured_media":0,"comment_status":"closed","ping_status":"closed","sticky":false,"template":"","format":"standard","meta":{"footnotes":""},"categories":[1],"tags":[],"class_list":["post-104725","post","type-post","status-publish","format-standard","hentry","category-startseite"],"_links":{"self":[{"href":"https:\/\/www.fuldaernachrichten.de\/index.php?rest_route=\/wp\/v2\/posts\/104725","targetHints":{"allow":["GET"]}}],"collection":[{"href":"https:\/\/www.fuldaernachrichten.de\/index.php?rest_route=\/wp\/v2\/posts"}],"about":[{"href":"https:\/\/www.fuldaernachrichten.de\/index.php?rest_route=\/wp\/v2\/types\/post"}],"author":[{"embeddable":true,"href":"https:\/\/www.fuldaernachrichten.de\/index.php?rest_route=\/wp\/v2\/users\/1"}],"replies":[{"embeddable":true,"href":"https:\/\/www.fuldaernachrichten.de\/index.php?rest_route=%2Fwp%2Fv2%2Fcomments&post=104725"}],"version-history":[{"count":0,"href":"https:\/\/www.fuldaernachrichten.de\/index.php?rest_route=\/wp\/v2\/posts\/104725\/revisions"}],"wp:attachment":[{"href":"https:\/\/www.fuldaernachrichten.de\/index.php?rest_route=%2Fwp%2Fv2%2Fmedia&parent=104725"}],"wp:term":[{"taxonomy":"category","embeddable":true,"href":"https:\/\/www.fuldaernachrichten.de\/index.php?rest_route=%2Fwp%2Fv2%2Fcategories&post=104725"},{"taxonomy":"post_tag","embeddable":true,"href":"https:\/\/www.fuldaernachrichten.de\/index.php?rest_route=%2Fwp%2Fv2%2Ftags&post=104725"}],"curies":[{"name":"wp","href":"https:\/\/api.w.org\/{rel}","templated":true}]}}