{"id":104719,"date":"2012-12-05T00:12:34","date_gmt":"2012-12-05T00:12:34","guid":{"rendered":"http:\/\/www.fuldaer-nachrichten.de\/?p=104719"},"modified":"2012-12-05T09:13:01","modified_gmt":"2012-12-05T09:13:01","slug":"adventsfruhstuck-fur-alleinerziehende-mit-kindern-in-der-mutze","status":"publish","type":"post","link":"https:\/\/www.fuldaernachrichten.de\/?p=104719","title":{"rendered":"Adventsfr\u00fchst\u00fcck f\u00fcr Alleinerziehende mit Kindern in Der M\u00dcTZE"},"content":{"rendered":"<p>Fulda. Im M\u00fctterzentrum \u201eDie M\u00dcTZE\u201c, Gallasiniring 8, in Fulda findet am Sonntag, 16.12.12 in der Zeit von 9.30 \u2013 11.30 Uhr ein Adventsfr\u00fchst\u00fcck f\u00fcr Alleinerziehende mit ihren Kindern statt. Bei einem gem\u00fctlichen Fr\u00fchst\u00fcck kann man sich auf das bevorstehende Weihnachtsfest einstimmen. N\u00e4here Information und Anmeldung unter Tel. 0661\/8050, Mo. \u2013 Fr. in der Zeit von 9.00 \u2013 12.30 Uhr.<\/p>\n","protected":false},"excerpt":{"rendered":"<div class=\"tmnf_excerpt\"><p>Fulda. Im M\u00fctterzentrum \u201eDie M\u00dcTZE\u201c, Gallasiniring 8, in Fulda findet am Sonntag, 16.12.12 in der Zeit von 9.30 \u2013 11.30 Uhr ein Adventsfr\u00fchst\u00fcck f\u00fcr Alleinerziehende mit ihren Kindern statt. Bei einem gem\u00fctlichen Fr\u00fchst\u00fcck kann man sich auf das bevorstehende Weihnachtsfest einstimmen. N\u00e4here Information und Anmeldung unter Tel. 0661\/8050, Mo. \u2013 Fr. in der Zeit von &hellip;<\/p>\n<\/div>","protected":false},"author":1,"featured_media":0,"comment_status":"closed","ping_status":"closed","sticky":false,"template":"","format":"standard","meta":{"footnotes":""},"categories":[1,72],"tags":[],"class_list":["post-104719","post","type-post","status-publish","format-standard","hentry","category-startseite","category-jugend"],"_links":{"self":[{"href":"https:\/\/www.fuldaernachrichten.de\/index.php?rest_route=\/wp\/v2\/posts\/104719","targetHints":{"allow":["GET"]}}],"collection":[{"href":"https:\/\/www.fuldaernachrichten.de\/index.php?rest_route=\/wp\/v2\/posts"}],"about":[{"href":"https:\/\/www.fuldaernachrichten.de\/index.php?rest_route=\/wp\/v2\/types\/post"}],"author":[{"embeddable":true,"href":"https:\/\/www.fuldaernachrichten.de\/index.php?rest_route=\/wp\/v2\/users\/1"}],"replies":[{"embeddable":true,"href":"https:\/\/www.fuldaernachrichten.de\/index.php?rest_route=%2Fwp%2Fv2%2Fcomments&post=104719"}],"version-history":[{"count":0,"href":"https:\/\/www.fuldaernachrichten.de\/index.php?rest_route=\/wp\/v2\/posts\/104719\/revisions"}],"wp:attachment":[{"href":"https:\/\/www.fuldaernachrichten.de\/index.php?rest_route=%2Fwp%2Fv2%2Fmedia&parent=104719"}],"wp:term":[{"taxonomy":"category","embeddable":true,"href":"https:\/\/www.fuldaernachrichten.de\/index.php?rest_route=%2Fwp%2Fv2%2Fcategories&post=104719"},{"taxonomy":"post_tag","embeddable":true,"href":"https:\/\/www.fuldaernachrichten.de\/index.php?rest_route=%2Fwp%2Fv2%2Ftags&post=104719"}],"curies":[{"name":"wp","href":"https:\/\/api.w.org\/{rel}","templated":true}]}}