{"id":104712,"date":"2012-12-05T00:10:41","date_gmt":"2012-12-05T00:10:41","guid":{"rendered":"http:\/\/www.fuldaer-nachrichten.de\/?p=104712"},"modified":"2012-12-05T09:01:55","modified_gmt":"2012-12-05T09:01:55","slug":"neue-stehle-am-fuldaer-geologiegarten-sponsor-setzt-neues-zeichen-im-ehemaligen-landesgartenschaugelande","status":"publish","type":"post","link":"https:\/\/www.fuldaernachrichten.de\/?p=104712","title":{"rendered":"Neue Stehle am Fuldaer Geologiegarten &#8211; Sponsor setzt neues Zeichen im ehemaligen Landesgartenschaugel\u00e4nde"},"content":{"rendered":"<p><img decoding=\"async\" class=\"alignleft size-thumbnail wp-image-104713\" title=\"67-015\" src=\"http:\/\/www.fuldaer-nachrichten.de\/wp-content\/uploads\/2012\/12\/67-015-265x171.jpg\" alt=\"\" width=\"265\" height=\"171\" srcset=\"https:\/\/www.fuldaernachrichten.de\/wp-content\/uploads\/2012\/12\/67-015-265x171.jpg 265w, https:\/\/www.fuldaernachrichten.de\/wp-content\/uploads\/2012\/12\/67-015.jpg 592w\" sizes=\"(max-width: 265px) 100vw, 265px\" \/>Fulda (hm). Es sind mittlerweile \u00fcber 18 Jahre her, als Fulda Ausrichter der 1. Hessischen Landesgartenschau war. Verschiedenste Anlagen und G\u00e4rten wurden damals angelegt und dienen noch heute als Naherholungsorte der Fuldaer Bev\u00f6lkerung. Sicherlich kann man die damalige Neugestaltung der Johannisaue mit Themeng\u00e4rten und einem weitverzweigten Fu\u00df- und Radwegenetz als \u201epr\u00e4gendes Element der Gartenschau\u201c bezeichnen. \u201eDiese einzigartige Infrastruktur der Landesgartenschau 1994 m\u00f6chten wir, da wo es m\u00f6glich ist, bewahren und fortentwickeln. Der Geologiegarten in der Johannisaue z\u00e4hlt dazu. Ich bin der Firma Franz Carl N\u00fcdling (FCN) sehr dankbar, dass sie damals die Anlage des Gartens ma\u00dfgeblich unterst\u00fctzt hat und nun mit einer neuen Stehle versch\u00f6nert hat\u201c, so Oberb\u00fcrgermeister Gerhard M\u00f6ller. <!--more--><br \/>\n<strong>Neue Stehle erl\u00e4utert Bedeutung<\/strong><\/p>\n<p>Die Stehle weist nun durch den Schriftzug \u201eGeologiegarten\u201c auf die Bedeutung des Umfeldes aus heimischen Kalk-, Sand- und Basaltstein hin. M\u00f6ller: \u201eDieser optische Anreiz zeigt den B\u00fcrgerinnen und B\u00fcrgern der Stadt, welche geologischen Besonderheiten die Region Fulda sowie das Mittelgebirge Rh\u00f6n zu bieten hat. Ich danke der Firma FCN f\u00fcr das vorbildliche und nachhaltige Engagement\u201c.<\/p>\n","protected":false},"excerpt":{"rendered":"<div class=\"tmnf_excerpt\"><p>Fulda (hm). Es sind mittlerweile \u00fcber 18 Jahre her, als Fulda Ausrichter der 1. Hessischen Landesgartenschau war. Verschiedenste Anlagen und G\u00e4rten wurden damals angelegt und dienen noch heute als Naherholungsorte der Fuldaer Bev\u00f6lkerung. Sicherlich kann man die damalige Neugestaltung der Johannisaue mit Themeng\u00e4rten und einem weitverzweigten Fu\u00df- und Radwegenetz als \u201epr\u00e4gendes Element der Gartenschau\u201c bezeichnen. &hellip;<\/p>\n<\/div>","protected":false},"author":1,"featured_media":0,"comment_status":"closed","ping_status":"closed","sticky":false,"template":"","format":"standard","meta":{"footnotes":""},"categories":[1],"tags":[],"class_list":["post-104712","post","type-post","status-publish","format-standard","hentry","category-startseite"],"_links":{"self":[{"href":"https:\/\/www.fuldaernachrichten.de\/index.php?rest_route=\/wp\/v2\/posts\/104712","targetHints":{"allow":["GET"]}}],"collection":[{"href":"https:\/\/www.fuldaernachrichten.de\/index.php?rest_route=\/wp\/v2\/posts"}],"about":[{"href":"https:\/\/www.fuldaernachrichten.de\/index.php?rest_route=\/wp\/v2\/types\/post"}],"author":[{"embeddable":true,"href":"https:\/\/www.fuldaernachrichten.de\/index.php?rest_route=\/wp\/v2\/users\/1"}],"replies":[{"embeddable":true,"href":"https:\/\/www.fuldaernachrichten.de\/index.php?rest_route=%2Fwp%2Fv2%2Fcomments&post=104712"}],"version-history":[{"count":0,"href":"https:\/\/www.fuldaernachrichten.de\/index.php?rest_route=\/wp\/v2\/posts\/104712\/revisions"}],"wp:attachment":[{"href":"https:\/\/www.fuldaernachrichten.de\/index.php?rest_route=%2Fwp%2Fv2%2Fmedia&parent=104712"}],"wp:term":[{"taxonomy":"category","embeddable":true,"href":"https:\/\/www.fuldaernachrichten.de\/index.php?rest_route=%2Fwp%2Fv2%2Fcategories&post=104712"},{"taxonomy":"post_tag","embeddable":true,"href":"https:\/\/www.fuldaernachrichten.de\/index.php?rest_route=%2Fwp%2Fv2%2Ftags&post=104712"}],"curies":[{"name":"wp","href":"https:\/\/api.w.org\/{rel}","templated":true}]}}