{"id":104699,"date":"2012-12-05T08:45:10","date_gmt":"2012-12-05T08:45:10","guid":{"rendered":"http:\/\/www.fuldaer-nachrichten.de\/?p=104699"},"modified":"2012-12-05T08:45:10","modified_gmt":"2012-12-05T08:45:10","slug":"malteser-sammeln-24-000-packchen-21-aktion-hoffnungszeichen-geht-erfolgreich-zu-ende","status":"publish","type":"post","link":"https:\/\/www.fuldaernachrichten.de\/?p=104699","title":{"rendered":"Malteser sammeln 24.000 P\u00e4ckchen &#8211; 21. Aktion Hoffnungszeichen geht erfolgreich zu Ende"},"content":{"rendered":"<p><strong><img decoding=\"async\" class=\"alignleft size-thumbnail wp-image-104700\" title=\"2012-12-Malteser-Dank-Aktion-Hoffnungszeichen\" src=\"http:\/\/www.fuldaer-nachrichten.de\/wp-content\/uploads\/2012\/12\/2012-12-Malteser-Dank-Aktion-Hoffnungszeichen-265x176.jpg\" alt=\"\" width=\"265\" height=\"176\" srcset=\"https:\/\/www.fuldaernachrichten.de\/wp-content\/uploads\/2012\/12\/2012-12-Malteser-Dank-Aktion-Hoffnungszeichen-265x176.jpg 265w, https:\/\/www.fuldaernachrichten.de\/wp-content\/uploads\/2012\/12\/2012-12-Malteser-Dank-Aktion-Hoffnungszeichen.jpg 592w\" sizes=\"(max-width: 265px) 100vw, 265px\" \/>Fulda. <\/strong>Die Malteser sagen \u201eDanke\u201c f\u00fcr die gro\u00dfe Bereitschaft der Bev\u00f6lkerung, Geschenkpakete f\u00fcr die 21. Aktion Hoffnungszeichen zu packen: 24.000 P\u00e4ckchen haben Schulen, Vereine, Kinderg\u00e4rten, Kirchengemeinden und Privatpersonen in diesem Jahr gespendet. Die Malteser bringen sie in diesen Tagen nach Kroatien und nach Bosnien und Herzegowina und verteilen sie in Waisenh\u00e4usern, Kinderg\u00e4rten, Behindertenheimen, Blindenschulen und Krankenh\u00e4usern an bed\u00fcrftige Kinder.<!--more--><\/p>\n<p>\u201eW\u00e4hrend Geschenke f\u00fcr uns an Weihnachten selbstverst\u00e4ndlich sind, erleben viele Kinder in Kroatien und in Bosnien und Herzegowina dank der Aktion Hoffnungszeichen das Gef\u00fchl des Beschenkwerdens zum ersten Mal\u201c, sagt Thomas Peffermann, Gesch\u00e4ftsf\u00fchrer der Malteser in Fulda. Die strahlenden Augen und die riesige Freude sind Lohn f\u00fcr die M\u00fchen, die die ehrenamtlichen Helfer der Malteser w\u00e4hrend des Hilfstransports in Kauf nehmen. \u201eWir m\u00f6chten uns im Namen der beschenkten Kinder bei all jenen bedanken, die Geschenke gepackt oder Geld f\u00fcr den Sprit gespendet haben: Sie haben die 21. Aktion Hoffnungszeichen erm\u00f6glicht\u201c, betont Peffermann.<\/p>\n","protected":false},"excerpt":{"rendered":"<div class=\"tmnf_excerpt\"><p>Fulda. Die Malteser sagen \u201eDanke\u201c f\u00fcr die gro\u00dfe Bereitschaft der Bev\u00f6lkerung, Geschenkpakete f\u00fcr die 21. Aktion Hoffnungszeichen zu packen: 24.000 P\u00e4ckchen haben Schulen, Vereine, Kinderg\u00e4rten, Kirchengemeinden und Privatpersonen in diesem Jahr gespendet. Die Malteser bringen sie in diesen Tagen nach Kroatien und nach Bosnien und Herzegowina und verteilen sie in Waisenh\u00e4usern, Kinderg\u00e4rten, Behindertenheimen, Blindenschulen und &hellip;<\/p>\n<\/div>","protected":false},"author":1,"featured_media":0,"comment_status":"closed","ping_status":"closed","sticky":false,"template":"","format":"standard","meta":{"footnotes":""},"categories":[1],"tags":[],"class_list":["post-104699","post","type-post","status-publish","format-standard","hentry","category-startseite"],"_links":{"self":[{"href":"https:\/\/www.fuldaernachrichten.de\/index.php?rest_route=\/wp\/v2\/posts\/104699","targetHints":{"allow":["GET"]}}],"collection":[{"href":"https:\/\/www.fuldaernachrichten.de\/index.php?rest_route=\/wp\/v2\/posts"}],"about":[{"href":"https:\/\/www.fuldaernachrichten.de\/index.php?rest_route=\/wp\/v2\/types\/post"}],"author":[{"embeddable":true,"href":"https:\/\/www.fuldaernachrichten.de\/index.php?rest_route=\/wp\/v2\/users\/1"}],"replies":[{"embeddable":true,"href":"https:\/\/www.fuldaernachrichten.de\/index.php?rest_route=%2Fwp%2Fv2%2Fcomments&post=104699"}],"version-history":[{"count":0,"href":"https:\/\/www.fuldaernachrichten.de\/index.php?rest_route=\/wp\/v2\/posts\/104699\/revisions"}],"wp:attachment":[{"href":"https:\/\/www.fuldaernachrichten.de\/index.php?rest_route=%2Fwp%2Fv2%2Fmedia&parent=104699"}],"wp:term":[{"taxonomy":"category","embeddable":true,"href":"https:\/\/www.fuldaernachrichten.de\/index.php?rest_route=%2Fwp%2Fv2%2Fcategories&post=104699"},{"taxonomy":"post_tag","embeddable":true,"href":"https:\/\/www.fuldaernachrichten.de\/index.php?rest_route=%2Fwp%2Fv2%2Ftags&post=104699"}],"curies":[{"name":"wp","href":"https:\/\/api.w.org\/{rel}","templated":true}]}}