{"id":104697,"date":"2012-12-05T00:10:49","date_gmt":"2012-12-05T00:10:49","guid":{"rendered":"http:\/\/www.fuldaer-nachrichten.de\/?p=104697"},"modified":"2012-12-05T08:42:22","modified_gmt":"2012-12-05T08:42:22","slug":"mathematik-intensivkurs-in-den-weihnachtsferien","status":"publish","type":"post","link":"https:\/\/www.fuldaernachrichten.de\/?p=104697","title":{"rendered":"Mathematik-Intensivkurs in den Weihnachtsferien"},"content":{"rendered":"<p><strong><\/strong>Fulda. Die Volkshochschule des Landkreises Fulda bietet in den Weihnachtsferien einen Mathematik-Intensivkurs an. Der Kurs unter der Leitung von Dr. Lothar Eiffert ist geeignet f\u00fcr Realsch\u00fcler bis 10. Klasse sowie Gymnasiasten bis 9. Klasse und findet vom 7. bis 11. Januar 2013 t\u00e4glich in der Zeit von 10.00 Uhr bis 12.15 Uhr im Georg-Stieler-Haus in Fulda, Gallasiniring 1, statt. Information und vorherige Anmeldung bei der vhs des Landkreises, Gallasiniring 30, 36043 Fulda, Telefon (0661)25199-0, oder unter <a href=\"http:\/\/www.vhs-fulda.de\">www.vhs-fulda.de<\/a>.<\/p>\n","protected":false},"excerpt":{"rendered":"<div class=\"tmnf_excerpt\"><p>Fulda. Die Volkshochschule des Landkreises Fulda bietet in den Weihnachtsferien einen Mathematik-Intensivkurs an. Der Kurs unter der Leitung von Dr. Lothar Eiffert ist geeignet f\u00fcr Realsch\u00fcler bis 10. Klasse sowie Gymnasiasten bis 9. Klasse und findet vom 7. bis 11. Januar 2013 t\u00e4glich in der Zeit von 10.00 Uhr bis 12.15 Uhr im Georg-Stieler-Haus in &hellip;<\/p>\n<\/div>","protected":false},"author":1,"featured_media":0,"comment_status":"closed","ping_status":"closed","sticky":false,"template":"","format":"standard","meta":{"footnotes":""},"categories":[1,53],"tags":[],"class_list":["post-104697","post","type-post","status-publish","format-standard","hentry","category-startseite","category-bildung"],"_links":{"self":[{"href":"https:\/\/www.fuldaernachrichten.de\/index.php?rest_route=\/wp\/v2\/posts\/104697","targetHints":{"allow":["GET"]}}],"collection":[{"href":"https:\/\/www.fuldaernachrichten.de\/index.php?rest_route=\/wp\/v2\/posts"}],"about":[{"href":"https:\/\/www.fuldaernachrichten.de\/index.php?rest_route=\/wp\/v2\/types\/post"}],"author":[{"embeddable":true,"href":"https:\/\/www.fuldaernachrichten.de\/index.php?rest_route=\/wp\/v2\/users\/1"}],"replies":[{"embeddable":true,"href":"https:\/\/www.fuldaernachrichten.de\/index.php?rest_route=%2Fwp%2Fv2%2Fcomments&post=104697"}],"version-history":[{"count":1,"href":"https:\/\/www.fuldaernachrichten.de\/index.php?rest_route=\/wp\/v2\/posts\/104697\/revisions"}],"predecessor-version":[{"id":104698,"href":"https:\/\/www.fuldaernachrichten.de\/index.php?rest_route=\/wp\/v2\/posts\/104697\/revisions\/104698"}],"wp:attachment":[{"href":"https:\/\/www.fuldaernachrichten.de\/index.php?rest_route=%2Fwp%2Fv2%2Fmedia&parent=104697"}],"wp:term":[{"taxonomy":"category","embeddable":true,"href":"https:\/\/www.fuldaernachrichten.de\/index.php?rest_route=%2Fwp%2Fv2%2Fcategories&post=104697"},{"taxonomy":"post_tag","embeddable":true,"href":"https:\/\/www.fuldaernachrichten.de\/index.php?rest_route=%2Fwp%2Fv2%2Ftags&post=104697"}],"curies":[{"name":"wp","href":"https:\/\/api.w.org\/{rel}","templated":true}]}}