{"id":104693,"date":"2012-12-05T08:40:08","date_gmt":"2012-12-05T08:40:08","guid":{"rendered":"http:\/\/www.fuldaer-nachrichten.de\/?p=104693"},"modified":"2012-12-05T08:40:08","modified_gmt":"2012-12-05T08:40:08","slug":"aaanderer-gottesdienst-es-kommt-die-zeit-am-9-12-am-tratzhof","status":"publish","type":"post","link":"https:\/\/www.fuldaernachrichten.de\/?p=104693","title":{"rendered":"AAAnderer Gottesdienst: \u201eEs kommt die Zeit\u201c am 9.12. am Tr\u00e4tzhof"},"content":{"rendered":"<p><img decoding=\"async\" class=\"alignleft size-thumbnail wp-image-104694\" title=\"Band_k\" src=\"http:\/\/www.fuldaer-nachrichten.de\/wp-content\/uploads\/2012\/12\/Band_k-265x176.jpg\" alt=\"\" width=\"265\" height=\"176\" srcset=\"https:\/\/www.fuldaernachrichten.de\/wp-content\/uploads\/2012\/12\/Band_k-265x176.jpg 265w, https:\/\/www.fuldaernachrichten.de\/wp-content\/uploads\/2012\/12\/Band_k.jpg 600w\" sizes=\"(max-width: 265px) 100vw, 265px\" \/>Fulda. Im AAAnderen Gottesdienst der Kreuzkirche geht es diesmal adventlich zu. &#8220;Siehe, es kommt die Zeit&#8221;, kann man beim Propheten Jeremia lesen. Ein Prophet, der jung zu einem schweren Amt berufen wurde. \u201eWas uns das heute in unsere adventlich hektische Zeit hinein sagen kann, dieser Frage gehe ich im Gottesdienst nach\u201c meint Pfarrer Stefan B\u00fcrger. Die Gemeinde feiert ihn wegen des Umbaus der Kreuzkirche am Tr\u00e4tzhof, am 2. Adventssonntag, 9.12.2012, 11.00 Uhr. Im Gottesdienst erwartet die Gemeinde au\u00dferdem die Kreuzkirchenband, die M\u00f6glichkeit einer pers\u00f6nlichen Segnung und ein anschlie\u00dfender Mittagssnack. Parallel gibt es Kindergottesdienst ab drei Jahren.<\/p>\n<p><!--more--><br \/>\nF\u00fcr das erste Halbjahr 2013 stehen die Termine der AAAnderen Gottesdienste auch schon:<br \/>\n03.02.2013 Das Zuk\u00fcnftige suchen. Jahreslosung 2013 \u2013 Ein Bibelwort f\u00fcrs ganze Jahr<br \/>\n03.03.2013 Reformation und Toleranz. Auf dem Weg zum Lutherjahr 2017<br \/>\nIm April 2013 plant die Kreuzkirche dann Einweihung, es folgen Konfirmation, Himmelfahrt und Pfingsten. Im Juni geht es dann mit dem AAAnderen Gottesdienst in erweiterter Kreuzkirche weiter.<br \/>\n02.06.2013 \u201eSo viel du brauchst\u201c Kirchentagsmotto aus Hamburg<\/p>\n<p>Foto (Stefan B\u00fcrger): Kreuzkirchenband am Tr\u00e4tzhof<\/p>\n","protected":false},"excerpt":{"rendered":"<div class=\"tmnf_excerpt\"><p>Fulda. Im AAAnderen Gottesdienst der Kreuzkirche geht es diesmal adventlich zu. &#8220;Siehe, es kommt die Zeit&#8221;, kann man beim Propheten Jeremia lesen. Ein Prophet, der jung zu einem schweren Amt berufen wurde. \u201eWas uns das heute in unsere adventlich hektische Zeit hinein sagen kann, dieser Frage gehe ich im Gottesdienst nach\u201c meint Pfarrer Stefan B\u00fcrger. &hellip;<\/p>\n<\/div>","protected":false},"author":1,"featured_media":0,"comment_status":"closed","ping_status":"closed","sticky":false,"template":"","format":"standard","meta":{"footnotes":""},"categories":[1,50],"tags":[],"class_list":["post-104693","post","type-post","status-publish","format-standard","hentry","category-startseite","category-kirche"],"_links":{"self":[{"href":"https:\/\/www.fuldaernachrichten.de\/index.php?rest_route=\/wp\/v2\/posts\/104693","targetHints":{"allow":["GET"]}}],"collection":[{"href":"https:\/\/www.fuldaernachrichten.de\/index.php?rest_route=\/wp\/v2\/posts"}],"about":[{"href":"https:\/\/www.fuldaernachrichten.de\/index.php?rest_route=\/wp\/v2\/types\/post"}],"author":[{"embeddable":true,"href":"https:\/\/www.fuldaernachrichten.de\/index.php?rest_route=\/wp\/v2\/users\/1"}],"replies":[{"embeddable":true,"href":"https:\/\/www.fuldaernachrichten.de\/index.php?rest_route=%2Fwp%2Fv2%2Fcomments&post=104693"}],"version-history":[{"count":0,"href":"https:\/\/www.fuldaernachrichten.de\/index.php?rest_route=\/wp\/v2\/posts\/104693\/revisions"}],"wp:attachment":[{"href":"https:\/\/www.fuldaernachrichten.de\/index.php?rest_route=%2Fwp%2Fv2%2Fmedia&parent=104693"}],"wp:term":[{"taxonomy":"category","embeddable":true,"href":"https:\/\/www.fuldaernachrichten.de\/index.php?rest_route=%2Fwp%2Fv2%2Fcategories&post=104693"},{"taxonomy":"post_tag","embeddable":true,"href":"https:\/\/www.fuldaernachrichten.de\/index.php?rest_route=%2Fwp%2Fv2%2Ftags&post=104693"}],"curies":[{"name":"wp","href":"https:\/\/api.w.org\/{rel}","templated":true}]}}