{"id":104692,"date":"2012-12-05T08:38:13","date_gmt":"2012-12-05T08:38:13","guid":{"rendered":"http:\/\/www.fuldaer-nachrichten.de\/?p=104692"},"modified":"2012-12-05T08:38:13","modified_gmt":"2012-12-05T08:38:13","slug":"das-regionale-standortmarketing-ladt-zum-grunderfruhstuck-ein","status":"publish","type":"post","link":"https:\/\/www.fuldaernachrichten.de\/?p=104692","title":{"rendered":"Das Regionale Standortmarketing l\u00e4dt zum Gr\u00fcnderfr\u00fchst\u00fcck ein"},"content":{"rendered":"<p>Fulda. Das Regionale Standortmarketing l\u00e4dt ein zum n\u00e4chsten Gr\u00fcnderfr\u00fchst\u00fcck am Montag, 10.12.2012, 8.30 Uhr in das Bistro des ITZ-Fulda (Obergeschoss) am Alten Schlachthof 4, 36037 Fulda. Thomas Noll &#8211; Der Internetredakteur &#8211; wird sein Unternehmen vorstellen und wertvolle Tipps zum Thema &#8220;Mit Content-Marketing zum Erfolg&#8221; geben. Dar\u00fcber hinaus bietet sich wieder ausreichend Gelegenheit zum Erfahrungsaustausch unter Gleichgesinnten, aber auch mit Beratern, Bankern und bereits gestandenen Unternehmern. Die Teilnahme am Gr\u00fcnderfr\u00fchst\u00fcck ist kostenfrei. Um eine Anmeldung wird gebeten. N\u00e4here Informationen bei Regionalmanager Christoph Burkard, <a href=\"mailto:info@region-fulda.de\">info@region-fulda.de<\/a>, Te. 0661-28488, www.region-fulda.de.<\/p>\n","protected":false},"excerpt":{"rendered":"<div class=\"tmnf_excerpt\"><p>Fulda. Das Regionale Standortmarketing l\u00e4dt ein zum n\u00e4chsten Gr\u00fcnderfr\u00fchst\u00fcck am Montag, 10.12.2012, 8.30 Uhr in das Bistro des ITZ-Fulda (Obergeschoss) am Alten Schlachthof 4, 36037 Fulda. Thomas Noll &#8211; Der Internetredakteur &#8211; wird sein Unternehmen vorstellen und wertvolle Tipps zum Thema &#8220;Mit Content-Marketing zum Erfolg&#8221; geben. Dar\u00fcber hinaus bietet sich wieder ausreichend Gelegenheit zum Erfahrungsaustausch &hellip;<\/p>\n<\/div>","protected":false},"author":1,"featured_media":0,"comment_status":"closed","ping_status":"closed","sticky":false,"template":"","format":"standard","meta":{"footnotes":""},"categories":[1,29],"tags":[],"class_list":["post-104692","post","type-post","status-publish","format-standard","hentry","category-startseite","category-politik"],"_links":{"self":[{"href":"https:\/\/www.fuldaernachrichten.de\/index.php?rest_route=\/wp\/v2\/posts\/104692","targetHints":{"allow":["GET"]}}],"collection":[{"href":"https:\/\/www.fuldaernachrichten.de\/index.php?rest_route=\/wp\/v2\/posts"}],"about":[{"href":"https:\/\/www.fuldaernachrichten.de\/index.php?rest_route=\/wp\/v2\/types\/post"}],"author":[{"embeddable":true,"href":"https:\/\/www.fuldaernachrichten.de\/index.php?rest_route=\/wp\/v2\/users\/1"}],"replies":[{"embeddable":true,"href":"https:\/\/www.fuldaernachrichten.de\/index.php?rest_route=%2Fwp%2Fv2%2Fcomments&post=104692"}],"version-history":[{"count":0,"href":"https:\/\/www.fuldaernachrichten.de\/index.php?rest_route=\/wp\/v2\/posts\/104692\/revisions"}],"wp:attachment":[{"href":"https:\/\/www.fuldaernachrichten.de\/index.php?rest_route=%2Fwp%2Fv2%2Fmedia&parent=104692"}],"wp:term":[{"taxonomy":"category","embeddable":true,"href":"https:\/\/www.fuldaernachrichten.de\/index.php?rest_route=%2Fwp%2Fv2%2Fcategories&post=104692"},{"taxonomy":"post_tag","embeddable":true,"href":"https:\/\/www.fuldaernachrichten.de\/index.php?rest_route=%2Fwp%2Fv2%2Ftags&post=104692"}],"curies":[{"name":"wp","href":"https:\/\/api.w.org\/{rel}","templated":true}]}}