{"id":104689,"date":"2012-12-05T08:35:58","date_gmt":"2012-12-05T08:35:58","guid":{"rendered":"http:\/\/www.fuldaer-nachrichten.de\/?p=104689"},"modified":"2012-12-05T08:35:58","modified_gmt":"2012-12-05T08:35:58","slug":"biothan-anlage-ist-referenz-projekt-fur-projektentwickler-aus-sudkorea","status":"publish","type":"post","link":"https:\/\/www.fuldaernachrichten.de\/?p=104689","title":{"rendered":"Biothan-Anlage ist Referenz-Projekt f\u00fcr Projektentwickler aus S\u00fcdkorea"},"content":{"rendered":"<p><strong><\/strong><img decoding=\"async\" class=\"alignleft size-thumbnail wp-image-104690\" title=\"Pressefoto S\u00fcdkoreaner bei Biothan\" src=\"http:\/\/www.fuldaer-nachrichten.de\/wp-content\/uploads\/2012\/12\/Pressefoto-S\u00fcdkoreaner-bei-Biothan-265x175.jpg\" alt=\"\" width=\"265\" height=\"175\" \/>Fulda. Ausschlie\u00dflich, um die Biothan-Anlage in Kleinl\u00fcder in Augenschein zu nehmen, ist ein dreik\u00f6pfiges Projektentwickler-Team aus S\u00fcdkorea nach Deutschland gereist. Direktor Ki-Chul Kim (vorn re.), Managerin Mi-Ja Yu und ihr Kollege Ik-Bom Joen von der Firma SNenergy informierten sich unter fachkundiger F\u00fchrung von Andreas Bug, dem Gesch\u00e4ftsf\u00fchrer der Biothan GmbH (vorn li.), vor Ort.<!--more--><\/p>\n<p>In Begleitung von Projektmanager Wulf Hohmann von Lahmeyer International (hinten re.) und Auke Lootsma-Hallerberg vom Witzenhausen-Instititut (hinten M.) informierten sich die koreanischen Fachleute insbesondere \u00fcber die Biogas-Erzeugung in der Anlage, an der die Gas- und Wasserversorgung Fulda beteiligt ist. Ziel der Koreaner ist es, bis zum Jahr 2020 die Energie f\u00fcr die rund 350.000 Bewohnerinnen und Bewohner der s\u00fcdkoreanischen Insel Jeju ausschlie\u00dflich durch erneuerbare Energien, also CO<sub>2<\/sub>-neutral, zu gewinnen. Die Verg\u00e4rung von Abf\u00e4llen soll dabei eine tragende Rolle spielen.<\/p>\n<p>Das Witzenhausen-Institut f\u00fcr Abfall, Umwelt und Energie GmbH hat Planungsarbeiten f\u00fcr die Biothan GmbH ausgef\u00fchrt und ist nun auch zusammen mit der Lahmeyer International GmbH in S\u00fcdkorea t\u00e4tig.<\/p>\n","protected":false},"excerpt":{"rendered":"<div class=\"tmnf_excerpt\"><p>Fulda. Ausschlie\u00dflich, um die Biothan-Anlage in Kleinl\u00fcder in Augenschein zu nehmen, ist ein dreik\u00f6pfiges Projektentwickler-Team aus S\u00fcdkorea nach Deutschland gereist. Direktor Ki-Chul Kim (vorn re.), Managerin Mi-Ja Yu und ihr Kollege Ik-Bom Joen von der Firma SNenergy informierten sich unter fachkundiger F\u00fchrung von Andreas Bug, dem Gesch\u00e4ftsf\u00fchrer der Biothan GmbH (vorn li.), vor Ort.<\/p>\n<\/div>","protected":false},"author":1,"featured_media":0,"comment_status":"closed","ping_status":"closed","sticky":false,"template":"","format":"standard","meta":{"footnotes":""},"categories":[1,29],"tags":[],"class_list":["post-104689","post","type-post","status-publish","format-standard","hentry","category-startseite","category-politik"],"_links":{"self":[{"href":"https:\/\/www.fuldaernachrichten.de\/index.php?rest_route=\/wp\/v2\/posts\/104689","targetHints":{"allow":["GET"]}}],"collection":[{"href":"https:\/\/www.fuldaernachrichten.de\/index.php?rest_route=\/wp\/v2\/posts"}],"about":[{"href":"https:\/\/www.fuldaernachrichten.de\/index.php?rest_route=\/wp\/v2\/types\/post"}],"author":[{"embeddable":true,"href":"https:\/\/www.fuldaernachrichten.de\/index.php?rest_route=\/wp\/v2\/users\/1"}],"replies":[{"embeddable":true,"href":"https:\/\/www.fuldaernachrichten.de\/index.php?rest_route=%2Fwp%2Fv2%2Fcomments&post=104689"}],"version-history":[{"count":0,"href":"https:\/\/www.fuldaernachrichten.de\/index.php?rest_route=\/wp\/v2\/posts\/104689\/revisions"}],"wp:attachment":[{"href":"https:\/\/www.fuldaernachrichten.de\/index.php?rest_route=%2Fwp%2Fv2%2Fmedia&parent=104689"}],"wp:term":[{"taxonomy":"category","embeddable":true,"href":"https:\/\/www.fuldaernachrichten.de\/index.php?rest_route=%2Fwp%2Fv2%2Fcategories&post=104689"},{"taxonomy":"post_tag","embeddable":true,"href":"https:\/\/www.fuldaernachrichten.de\/index.php?rest_route=%2Fwp%2Fv2%2Ftags&post=104689"}],"curies":[{"name":"wp","href":"https:\/\/api.w.org\/{rel}","templated":true}]}}