{"id":104684,"date":"2012-12-04T00:13:15","date_gmt":"2012-12-04T00:13:15","guid":{"rendered":"http:\/\/www.fuldaer-nachrichten.de\/?p=104684"},"modified":"2012-12-04T12:53:38","modified_gmt":"2012-12-04T12:53:38","slug":"effektive-mikroorganismen-vortrag-in-hilders","status":"publish","type":"post","link":"https:\/\/www.fuldaernachrichten.de\/?p=104684","title":{"rendered":"Effektive Mikroorganismen &#8211; Vortrag in Hilders"},"content":{"rendered":"<p>Hilders. Ein Abendvortrag zum Thema \u201eEffektive Mikroorganismen (EM) \u2013 Eine Chance f\u00fcr uns\u201c findet am 6. Dezember 2012, von 19 bis 21 Uhr in Hilders statt. Referent J\u00fcrgen Amthor, Gesch\u00e4ftsf\u00fchrer der Eu\u00dfenheimer Manufaktur, gibt einen Einblick in die Welt der Mikroorganismen und zeigt die vielseitigen Einsatzm\u00f6glichkeiten der Kleinstlebewesen auf. &#8220;Mikroorganismen sind Allesk\u00f6nner, deshalb bieten sie bei der Hygiene, im Haushalt, im gesundheitlichen Bereich, bei Haustieren und f\u00fcr unsere Umweltprobleme interessante geradezu revolution\u00e4re L\u00f6sungen&#8221;, sagt der Referent. Der Vortrag richtet sich an interessierte Selbstanwender und Praktizierende. Die Veranstalter freuen sich \u00fcber eine Spende. Veranstaltungsort ist das Gemeindezentrum Hilders, Kirchstra\u00dfe 2-6, in Hilders. Um Anmeldung unter 06681-919022 oder per E-Mail <a href=\"mailto:kontakt@kristallklang.info\">kontakt@kristallklang.info<\/a> wird gebeten.<\/p>\n","protected":false},"excerpt":{"rendered":"<div class=\"tmnf_excerpt\"><p>Hilders. Ein Abendvortrag zum Thema \u201eEffektive Mikroorganismen (EM) \u2013 Eine Chance f\u00fcr uns\u201c findet am 6. Dezember 2012, von 19 bis 21 Uhr in Hilders statt. Referent J\u00fcrgen Amthor, Gesch\u00e4ftsf\u00fchrer der Eu\u00dfenheimer Manufaktur, gibt einen Einblick in die Welt der Mikroorganismen und zeigt die vielseitigen Einsatzm\u00f6glichkeiten der Kleinstlebewesen auf. &#8220;Mikroorganismen sind Allesk\u00f6nner, deshalb bieten sie &hellip;<\/p>\n<\/div>","protected":false},"author":1,"featured_media":0,"comment_status":"closed","ping_status":"closed","sticky":false,"template":"","format":"standard","meta":{"footnotes":""},"categories":[1],"tags":[],"class_list":["post-104684","post","type-post","status-publish","format-standard","hentry","category-startseite"],"_links":{"self":[{"href":"https:\/\/www.fuldaernachrichten.de\/index.php?rest_route=\/wp\/v2\/posts\/104684","targetHints":{"allow":["GET"]}}],"collection":[{"href":"https:\/\/www.fuldaernachrichten.de\/index.php?rest_route=\/wp\/v2\/posts"}],"about":[{"href":"https:\/\/www.fuldaernachrichten.de\/index.php?rest_route=\/wp\/v2\/types\/post"}],"author":[{"embeddable":true,"href":"https:\/\/www.fuldaernachrichten.de\/index.php?rest_route=\/wp\/v2\/users\/1"}],"replies":[{"embeddable":true,"href":"https:\/\/www.fuldaernachrichten.de\/index.php?rest_route=%2Fwp%2Fv2%2Fcomments&post=104684"}],"version-history":[{"count":0,"href":"https:\/\/www.fuldaernachrichten.de\/index.php?rest_route=\/wp\/v2\/posts\/104684\/revisions"}],"wp:attachment":[{"href":"https:\/\/www.fuldaernachrichten.de\/index.php?rest_route=%2Fwp%2Fv2%2Fmedia&parent=104684"}],"wp:term":[{"taxonomy":"category","embeddable":true,"href":"https:\/\/www.fuldaernachrichten.de\/index.php?rest_route=%2Fwp%2Fv2%2Fcategories&post=104684"},{"taxonomy":"post_tag","embeddable":true,"href":"https:\/\/www.fuldaernachrichten.de\/index.php?rest_route=%2Fwp%2Fv2%2Ftags&post=104684"}],"curies":[{"name":"wp","href":"https:\/\/api.w.org\/{rel}","templated":true}]}}