{"id":104680,"date":"2012-12-04T00:09:18","date_gmt":"2012-12-04T00:09:18","guid":{"rendered":"http:\/\/www.fuldaer-nachrichten.de\/?p=104680"},"modified":"2012-12-04T10:53:41","modified_gmt":"2012-12-04T10:53:41","slug":"auftaktveranstaltung-in-fulda-mit-internationalen-partnern-eu-projekt-unter-grumel-leitung-schafft-perspektiven-fur-arbeitslose-uber-50","status":"publish","type":"post","link":"https:\/\/www.fuldaernachrichten.de\/?p=104680","title":{"rendered":"Auftaktveranstaltung in Fulda mit internationalen Partnern:  EU-Projekt unter Gr\u00fcmel-Leitung schafft Perspektiven f\u00fcr Arbeitslose \u00fcber 50"},"content":{"rendered":"<p><img fetchpriority=\"high\" decoding=\"async\" class=\"alignnone size-full wp-image-104681\" title=\"Pressefoto-PLAN_VIEW\" src=\"http:\/\/www.fuldaer-nachrichten.de\/wp-content\/uploads\/2012\/12\/Pressefoto-PLAN_VIEW-e1354618413333.jpg\" alt=\"\" width=\"590\" height=\"327\" srcset=\"https:\/\/www.fuldaernachrichten.de\/wp-content\/uploads\/2012\/12\/Pressefoto-PLAN_VIEW-e1354618413333.jpg 590w, https:\/\/www.fuldaernachrichten.de\/wp-content\/uploads\/2012\/12\/Pressefoto-PLAN_VIEW-e1354618413333-265x146.jpg 265w\" sizes=\"(max-width: 590px) 100vw, 590px\" \/><\/p>\n<p>Fulda. Das gemeinsame Ziel, Arbeitslose \u00fcber 50 Jahre wieder in den Arbeitsmarkt zu integrieren und so dem sich abzeichnenden Fachkr\u00e4ftemangel vorzubeugen, besch\u00e4ftigt die Partner des im August 2012 gestarteten EU-Projekts PLAN_VIEW, die heute erstmals bei Gr\u00fcmel zusammengekommen sind. Im Rahmen der dreit\u00e4gigen Auftaktveranstaltung diskutieren Experten aus Belgien, Gro\u00dfbritannien, Spanien und Deutschland mit Vertretern des Bildungstr\u00e4gers und seinen regionalen Kooperationspartnern in Fulda \u00fcber M\u00f6glichkeiten, geeignete Ma\u00dfnahmen f\u00fcr Arbeitslose \u00fcber 50 zu schaffen und ihnen bessere Perspektiven zu bieten.<!--more--><\/p>\n<p>Zur Auftaktveranstaltung im Propsteischloss Johannesberg begr\u00fc\u00dfte Gr\u00fcmel-Gesch\u00e4ftsf\u00fchrer Jutta Diel die internationalen G\u00e4ste von \u201eLE FOREM\u201c und \u201eCSEF Luxembourg &#8211; Belge\u201c in Belgien, von \u201eTraining Vision Ltd.\u201c in Gro\u00dfbritannien und von Ayuntamiento Puerto Lumbreras in Spanien. \u201eVor dem Hintergrund der \u201eBesch\u00e4ftigungsinitiative Perspektive 50plus\u201c f\u00fcr \u00e4ltere Arbeitnehmer in den Regionen, das im Fuldaer Raum unter der Koordination des Kommunalen Kreisjobcenters zahlreiche Erfolge vorzuweisen hat, m\u00f6chten wir \u201eBest-Practice\u201c-Ergebnisse aus der Umsetzung darstellen und dem europ\u00e4ischen Arbeitsmarkt zur Verf\u00fcgung stellen\u201c, erkl\u00e4rte Jutta Diel. Der besondere Dank der Gr\u00fcmel-Gesch\u00e4ftsf\u00fchrerin ging an Ulrich Nesemann, Fachdienstleiter Kommunaler Arbeitsmarkt des Kommunalen Kreisjobcenter, und an Hans-Karl Diederich, Gesch\u00e4ftsf\u00fchrer der Unternehmensgruppe Mediana \/ Seniana, deren Ausbildung zum Altenpfleger als \u201eBest-Practice\u201c-Modell morgen einen Themenschwerpunkt bilden wird.<\/p>\n<p>Im Anschluss an die Begr\u00fc\u00dfung stellten die Teilnehmer aus den unterschiedlichen L\u00e4ndern in Pr\u00e4sentationen die Situation auf dem jeweiligen Arbeitsmarkt ihres Heimatlandes im Allgemeinen und die Probleme der \u00fcber 50-j\u00e4hrigen Arbeitslosen im Besonderen dar. Petra Meyerhenke, die f\u00fcr die Koordination von EU-Projekten bei Gr\u00fcmel verantwortlich ist und die Leitung des Projekts \u00fcbernommen hat, fasst die aktuelle Situation so zusammen: \u201eW\u00e4hrend in Deutschland seit Jahren Vertreter aus Politik und Wirtschaft sowie Bildungstr\u00e4ger zahlreiche Ma\u00dfnahmen auf den Weg gebracht haben, um die Arbeitsmarktsituation f\u00fcr \u00fcber 50-J\u00e4hrige zu verbessern, haben viele europ\u00e4ische L\u00e4nder bislang eher die Bek\u00e4mpfung der Jugendarbeitslosigkeit im Blick. Einige \u2013 wie unsere Projektpartner Spanien, Gro\u00dfbritannien und Belgien \u2013 haben aber ebenfalls die dringende Notwendigkeit erkannt, auch \u00e4ltere Arbeitnehmer zu f\u00f6rdern.\u201c Welche M\u00f6glichkeiten und Instrumente es gibt, m\u00f6chten sie nun mit Hilfe von Gr\u00fcmel ausloten.<\/p>\n<p>Finanziert wird das EU-Projekt mit F\u00f6rdermitteln aus dem Leonardo da Vinci-Programm f\u00fcr Lebenslanges Lernen. Ziel der Europ\u00e4ischen Union ist es, die Arbeitslosenzeit zu verk\u00fcrzen und die Integrationsarbeit mit kurzzeit- beziehungsweise langzeitarbeitslosen Menschen qualitativ zu verbessern.<\/p>\n<p>Im Gr\u00fcmel-Zentrum informierten sich die Teilnehmer aus den Partnerl\u00e4ndern \u00fcber das breite Portfolio des Bildungstr\u00e4gers \u2013 vom M\u00f6belmarkt bis zur Abteilung f\u00fcr Elektroger\u00e4te-Recycling. Nach dem Mittagessen im Casino von Gr\u00fcmel wurden ein Rundgang durch die Gro\u00dfk\u00fcche und ein Besuch der W\u00e4scherei angeboten.<\/p>\n<p>Morgen besuchen die Projektpartner das Kommunale Kreisjobcenter, das speziell \u00fcber die Besch\u00e4ftigungsinitiative 50plus informiert. Au\u00dferdem werden sie im Wohnstift Mediana empfangen, das bei einer Pr\u00e4sentation und einem Rundgang die erfolgreichen Ausbildungs- und Umschulungsma\u00dfnahmen f\u00fcr Arbeitslose \u00fcber 50 vorstellen wird. Die neu gewonnenen Erkenntnisse flie\u00dfen in die Arbeitsgruppe ein, die bis einschlie\u00dflich Mittwoch noch in Fulda tagen und bis Juni 2014 mit Nachdruck f\u00fcr die Verbesserung der Situation \u00e4lterer Arbeitsloser eintreten und notwendige Instrumente und Ma\u00dfnahmen auf den Weg bringen werden.<\/p>\n<p>v.l.n.r. Spanien: Salvadora Martinez,\u00c2\u00a0 Maria Angeles Tunes, Maribel Garcia, Eva Navarro Garcia \/ Belgien (hinten3.v.l.) Cath\u00e9rine Habran, Eliane Pr\u00e9vost \/ Gro\u00dfbritannien: Luciano Dunato Marino, Maria Antonietta Parella \/ Deutschland: Jutta Diel. Michael Bernhard (Mediana\/Seniana Unternhemnesgruppe), Andrea M\u00f6ller-Fleck, Petra Meyerhenke, Lenka Kuglikova<\/p>\n","protected":false},"excerpt":{"rendered":"<div class=\"tmnf_excerpt\"><p>Fulda. Das gemeinsame Ziel, Arbeitslose \u00fcber 50 Jahre wieder in den Arbeitsmarkt zu integrieren und so dem sich abzeichnenden Fachkr\u00e4ftemangel vorzubeugen, besch\u00e4ftigt die Partner des im August 2012 gestarteten EU-Projekts PLAN_VIEW, die heute erstmals bei Gr\u00fcmel zusammengekommen sind. Im Rahmen der dreit\u00e4gigen Auftaktveranstaltung diskutieren Experten aus Belgien, Gro\u00dfbritannien, Spanien und Deutschland mit Vertretern des Bildungstr\u00e4gers &hellip;<\/p>\n<\/div>","protected":false},"author":1,"featured_media":0,"comment_status":"closed","ping_status":"closed","sticky":false,"template":"","format":"standard","meta":{"footnotes":""},"categories":[1,53,78],"tags":[],"class_list":["post-104680","post","type-post","status-publish","format-standard","hentry","category-startseite","category-bildung","category-topthema"],"_links":{"self":[{"href":"https:\/\/www.fuldaernachrichten.de\/index.php?rest_route=\/wp\/v2\/posts\/104680","targetHints":{"allow":["GET"]}}],"collection":[{"href":"https:\/\/www.fuldaernachrichten.de\/index.php?rest_route=\/wp\/v2\/posts"}],"about":[{"href":"https:\/\/www.fuldaernachrichten.de\/index.php?rest_route=\/wp\/v2\/types\/post"}],"author":[{"embeddable":true,"href":"https:\/\/www.fuldaernachrichten.de\/index.php?rest_route=\/wp\/v2\/users\/1"}],"replies":[{"embeddable":true,"href":"https:\/\/www.fuldaernachrichten.de\/index.php?rest_route=%2Fwp%2Fv2%2Fcomments&post=104680"}],"version-history":[{"count":1,"href":"https:\/\/www.fuldaernachrichten.de\/index.php?rest_route=\/wp\/v2\/posts\/104680\/revisions"}],"predecessor-version":[{"id":104682,"href":"https:\/\/www.fuldaernachrichten.de\/index.php?rest_route=\/wp\/v2\/posts\/104680\/revisions\/104682"}],"wp:attachment":[{"href":"https:\/\/www.fuldaernachrichten.de\/index.php?rest_route=%2Fwp%2Fv2%2Fmedia&parent=104680"}],"wp:term":[{"taxonomy":"category","embeddable":true,"href":"https:\/\/www.fuldaernachrichten.de\/index.php?rest_route=%2Fwp%2Fv2%2Fcategories&post=104680"},{"taxonomy":"post_tag","embeddable":true,"href":"https:\/\/www.fuldaernachrichten.de\/index.php?rest_route=%2Fwp%2Fv2%2Ftags&post=104680"}],"curies":[{"name":"wp","href":"https:\/\/api.w.org\/{rel}","templated":true}]}}