{"id":104678,"date":"2012-12-04T10:46:42","date_gmt":"2012-12-04T10:46:42","guid":{"rendered":"http:\/\/www.fuldaer-nachrichten.de\/?p=104678"},"modified":"2012-12-04T10:46:42","modified_gmt":"2012-12-04T10:46:42","slug":"planetariums-vorfuhrungen-in-der-adventszeit-weihnachtsstern","status":"publish","type":"post","link":"https:\/\/www.fuldaernachrichten.de\/?p=104678","title":{"rendered":"Planetariums-Vorf\u00fchrungen in der Adventszeit: Weihnachtsstern"},"content":{"rendered":"<p><img fetchpriority=\"high\" decoding=\"async\" class=\"alignleft size-thumbnail wp-image-104679\" title=\"posterweihstern\" src=\"http:\/\/www.fuldaer-nachrichten.de\/wp-content\/uploads\/2012\/12\/posterweihstern-265x265.jpg\" alt=\"\" width=\"265\" height=\"265\" srcset=\"https:\/\/www.fuldaernachrichten.de\/wp-content\/uploads\/2012\/12\/posterweihstern-265x265.jpg 265w, https:\/\/www.fuldaernachrichten.de\/wp-content\/uploads\/2012\/12\/posterweihstern.jpg 600w\" sizes=\"(max-width: 265px) 100vw, 265px\" \/>Fulda (cp). Im Dezember steht die Adventszeit wieder im Mittelpunkt des Programmangebotes des Planetariums im Vonderau Museum Fulda. In der Bibel ist vom Stern der Weisen aus dem Morgenland zu lesen und \u00fcber vielen Krippen findet man einen &#8220;Weihnachtsstern&#8221;. Im Programmklassiker \u201eDER STERN DER WEISEN\u201c wird der spannenden Frage nachgegangen, ob es astronomische Hinweise auf besondere Himmelsereignisse in der Zeit vor Christi Geburt gab. F\u00fcr die jungen Besucher bieten \u201eDIE DREI WEIHNACHTSSTERNCHEN\u201c eine vergn\u00fcglich besinnliche Einstimmung in die Advents-\u00c2\u00a0 und Weihnachtszeit. Nach Motiven eines alten M\u00e4rchens erleben die jungen Besucher eine vorweihnachtliche Putzaktion am Himmel, die zu einigen Verwicklungen f\u00fchrt. Aber am Ende sind alle gl\u00fccklich und zufrieden und k\u00f6nnen sich auf ein sch\u00f6nes Fest freuen.<!--more--><br \/>\n<strong>\u201eMit Apollo zum Mond\u201c<\/strong><\/p>\n<p>Am\u00c2\u00a0 24. Dezember 1968 erreichten mit der amerikanischen Apollo-8-Mission erstmals Menschen die Mondumlaufbahn. Die Fernseh\u00fcbertragung aus dem Mondorbit, w\u00e4hrend der die drei Astronauten die ersten Zeilen der biblischen Sch\u00f6pfungsgeschichte als Weihnachtsbotschaft verlasen, ist weltbekannt geworden. Ein halbes Jahr sp\u00e4ter betrat Neil Armstrong als erster Mensch die Mondoberfl\u00e4che. Das Programm \u201eMIT APOLLO ZUM MOND\u201c beschreibt die technischen Abl\u00e4ufe der Reise zum Mond und zur\u00fcck. Der Sternenhimmel zur Adventszeit wird im \u201eSTERNENHIMMEL HEUTE NACHT\u201c vorgestellt. Tagesaktuell erfahren die Besucher unter dem k\u00fcnstlichen Planetariumshimmel, was es Interessantes zu sehen gibt, erg\u00e4nzt mit aktuellen Hintergrundinformationen. Das Dezember-programm wird abgerundet durch die \u201ePLANETENSCHNUPPERTOUR\u201c und \u201eDIE WELT DER GALAXIEN\u201c.<\/p>\n<p>Mehr Informationen im Internet unter <a href=\"http:\/\/www.museum-fulda.de\" target=\"_blank\">www.museum-fulda.de<\/a><br \/>\nVonderau Museum, Jesuitenplatz 2, 36039 Fulda.<br \/>\nPlatz-Reservierungen unter Tel. 0661 &#8211; 9283510<\/p>\n","protected":false},"excerpt":{"rendered":"<div class=\"tmnf_excerpt\"><p>Fulda (cp). Im Dezember steht die Adventszeit wieder im Mittelpunkt des Programmangebotes des Planetariums im Vonderau Museum Fulda. In der Bibel ist vom Stern der Weisen aus dem Morgenland zu lesen und \u00fcber vielen Krippen findet man einen &#8220;Weihnachtsstern&#8221;. Im Programmklassiker \u201eDER STERN DER WEISEN\u201c wird der spannenden Frage nachgegangen, ob es astronomische Hinweise auf &hellip;<\/p>\n<\/div>","protected":false},"author":1,"featured_media":0,"comment_status":"closed","ping_status":"closed","sticky":false,"template":"","format":"standard","meta":{"footnotes":""},"categories":[1,44],"tags":[],"class_list":["post-104678","post","type-post","status-publish","format-standard","hentry","category-startseite","category-kultur"],"_links":{"self":[{"href":"https:\/\/www.fuldaernachrichten.de\/index.php?rest_route=\/wp\/v2\/posts\/104678","targetHints":{"allow":["GET"]}}],"collection":[{"href":"https:\/\/www.fuldaernachrichten.de\/index.php?rest_route=\/wp\/v2\/posts"}],"about":[{"href":"https:\/\/www.fuldaernachrichten.de\/index.php?rest_route=\/wp\/v2\/types\/post"}],"author":[{"embeddable":true,"href":"https:\/\/www.fuldaernachrichten.de\/index.php?rest_route=\/wp\/v2\/users\/1"}],"replies":[{"embeddable":true,"href":"https:\/\/www.fuldaernachrichten.de\/index.php?rest_route=%2Fwp%2Fv2%2Fcomments&post=104678"}],"version-history":[{"count":0,"href":"https:\/\/www.fuldaernachrichten.de\/index.php?rest_route=\/wp\/v2\/posts\/104678\/revisions"}],"wp:attachment":[{"href":"https:\/\/www.fuldaernachrichten.de\/index.php?rest_route=%2Fwp%2Fv2%2Fmedia&parent=104678"}],"wp:term":[{"taxonomy":"category","embeddable":true,"href":"https:\/\/www.fuldaernachrichten.de\/index.php?rest_route=%2Fwp%2Fv2%2Fcategories&post=104678"},{"taxonomy":"post_tag","embeddable":true,"href":"https:\/\/www.fuldaernachrichten.de\/index.php?rest_route=%2Fwp%2Fv2%2Ftags&post=104678"}],"curies":[{"name":"wp","href":"https:\/\/api.w.org\/{rel}","templated":true}]}}