{"id":104677,"date":"2012-12-04T10:44:04","date_gmt":"2012-12-04T10:44:04","guid":{"rendered":"http:\/\/www.fuldaer-nachrichten.de\/?p=104677"},"modified":"2012-12-04T10:44:04","modified_gmt":"2012-12-04T10:44:04","slug":"diabetischer-fus-und-brustkrebs-moderne-therapieansatze-herbstvortrage-bei-helios","status":"publish","type":"post","link":"https:\/\/www.fuldaernachrichten.de\/?p=104677","title":{"rendered":"Diabetischer Fu\u00df und Brustkrebs \u2013 moderne Therapieans\u00e4tze &#8211; Herbstvortr\u00e4ge bei Helios"},"content":{"rendered":"<p>H\u00fcnfeld. Im Rahmen der im Herbst stattfindenden \u00e4rztlichen Vortragsreihe bietet die H\u00fcnfelder HELIOS St. Elisabeth Klinik in dieser Woche den siebten Informationsabend an. Am Donnerstag, den 06. Dezember 2012 ab 18.00 Uhr wird zun\u00e4chst Oberarzt Dr. Reinhard Heise \u00fcber den diabetischen Fu\u00df informieren. Ab 19.00 Uhr informiert Chefarzt Dr. Bertram Stitz \u00fcber Brustkrebs und welche modernen Therapieans\u00e4tze heutzutage zur Verf\u00fcgung stehen. Im Anschluss an ihre Vortr\u00e4ge stehen beide \u00c4rzte f\u00fcr Fragen zur Verf\u00fcgung. Die Veranstaltung findet im Vortragsraum der HELIOS Klinik statt.<!--more--><\/p>\n<p>Der Diabetes mellitus ist eine chronische Stoffwechselerkrankung, die durch eine Erh\u00f6hung des Blutzuckerspiegels gekennzeichnet ist. Der diabetische Fu\u00df ist eine Folgeerkrankung der Diabetes mellitus. Die Erkrankung wird in der Regel durch Bakterien, welche sich in den Wunden einnisten, hervorgerufen. Durch dauerhaft zu hohe Blutzuckerwerte werden die Abwehrkr\u00e4fte geschw\u00e4cht und die Wundheilung wird verz\u00f6gert. Da viele Amputationen durch eine fr\u00fchzeitige Behandlung verhindert werden k\u00f6nnten, m\u00f6chte Dr. Reinhard Heise \u00fcber diabetische Fu\u00dferkrankungen informieren.<\/p>\n<p>Mit etwa 45.000 Neuerkrankungen pro Jahr in Deutschland ist Brustkrebs die h\u00e4ufigste Krebserkrankung bei Frauen. F\u00fcr die Behandlung der Krebserkrankungen stehen verschiedene Therapieans\u00e4tze zur Verf\u00fcgung. Welche Ma\u00dfnahmen wann, in welcher Abfolge und Kombination den gr\u00f6\u00dften Erfolg bringen, ist abh\u00e4ngig von der individuellen Situation des Patienten. Dr. Bertram Stitz m\u00f6chte in seinem Vortrag ab 19.00 Uhr \u00fcber die modernen Therapieans\u00e4tze zur Behandlung von Brustkrebs informieren.<\/p>\n","protected":false},"excerpt":{"rendered":"<div class=\"tmnf_excerpt\"><p>H\u00fcnfeld. Im Rahmen der im Herbst stattfindenden \u00e4rztlichen Vortragsreihe bietet die H\u00fcnfelder HELIOS St. Elisabeth Klinik in dieser Woche den siebten Informationsabend an. Am Donnerstag, den 06. Dezember 2012 ab 18.00 Uhr wird zun\u00e4chst Oberarzt Dr. Reinhard Heise \u00fcber den diabetischen Fu\u00df informieren. Ab 19.00 Uhr informiert Chefarzt Dr. Bertram Stitz \u00fcber Brustkrebs und welche &hellip;<\/p>\n<\/div>","protected":false},"author":1,"featured_media":0,"comment_status":"closed","ping_status":"closed","sticky":false,"template":"","format":"standard","meta":{"footnotes":""},"categories":[1,51],"tags":[],"class_list":["post-104677","post","type-post","status-publish","format-standard","hentry","category-startseite","category-medizin"],"_links":{"self":[{"href":"https:\/\/www.fuldaernachrichten.de\/index.php?rest_route=\/wp\/v2\/posts\/104677","targetHints":{"allow":["GET"]}}],"collection":[{"href":"https:\/\/www.fuldaernachrichten.de\/index.php?rest_route=\/wp\/v2\/posts"}],"about":[{"href":"https:\/\/www.fuldaernachrichten.de\/index.php?rest_route=\/wp\/v2\/types\/post"}],"author":[{"embeddable":true,"href":"https:\/\/www.fuldaernachrichten.de\/index.php?rest_route=\/wp\/v2\/users\/1"}],"replies":[{"embeddable":true,"href":"https:\/\/www.fuldaernachrichten.de\/index.php?rest_route=%2Fwp%2Fv2%2Fcomments&post=104677"}],"version-history":[{"count":0,"href":"https:\/\/www.fuldaernachrichten.de\/index.php?rest_route=\/wp\/v2\/posts\/104677\/revisions"}],"wp:attachment":[{"href":"https:\/\/www.fuldaernachrichten.de\/index.php?rest_route=%2Fwp%2Fv2%2Fmedia&parent=104677"}],"wp:term":[{"taxonomy":"category","embeddable":true,"href":"https:\/\/www.fuldaernachrichten.de\/index.php?rest_route=%2Fwp%2Fv2%2Fcategories&post=104677"},{"taxonomy":"post_tag","embeddable":true,"href":"https:\/\/www.fuldaernachrichten.de\/index.php?rest_route=%2Fwp%2Fv2%2Ftags&post=104677"}],"curies":[{"name":"wp","href":"https:\/\/api.w.org\/{rel}","templated":true}]}}