{"id":104670,"date":"2012-12-04T00:20:40","date_gmt":"2012-12-04T00:20:40","guid":{"rendered":"http:\/\/www.fuldaer-nachrichten.de\/?p=104670"},"modified":"2012-12-03T14:54:59","modified_gmt":"2012-12-03T14:54:59","slug":"landkreis-fulda-sucht-betreuer-fur-freizeit-oder-bildungsmasnahmen","status":"publish","type":"post","link":"https:\/\/www.fuldaernachrichten.de\/?p=104670","title":{"rendered":"Landkreis Fulda sucht Betreuer f\u00fcr Freizeit- oder Bildungsma\u00dfnahmen"},"content":{"rendered":"<p><img decoding=\"async\" class=\"alignleft size-thumbnail wp-image-104671\" title=\"551-Ausschuss-fu\u00cc\u02c6r-Jugendfo\u00cc\u02c6rderung\" src=\"http:\/\/www.fuldaer-nachrichten.de\/wp-content\/uploads\/2012\/12\/551-Ausschuss-fu\u00cc\u02c6r-Jugendfo\u00cc\u02c6rderung-265x188.jpg\" alt=\"\" width=\"265\" height=\"188\" \/>Fulda. Der Landkreis Fulda st\u00f6\u00dft bei seinen Ferienfreizeiten und Jugendbildungsveranstaltungen an Kapazit\u00e4tsobergrenzen, was die Zahl der f\u00fcr die Durchf\u00fchrung der Ma\u00dfnahmen zur Verf\u00fcgung stehenden Betreuer angeht. Dies wurde auf der letzten Sitzung des Fachschusses f\u00fcr Kinder- und Jugendf\u00f6rderung deutlich, der unter Leitung seines Vorsitzenden Hermann M\u00fcller (Poppenhausen) im Kreishaus tagte.<!--more--><\/p>\n<p>Zu den \u201climitierenden Faktoren\u201c z\u00e4hlt Erster Kreisbeigeordneter Dr. Heiko Wingenfeld ausdr\u00fccklich nicht die aktuelle Haushaltslage. Auch in 2013 st\u00fcnden die gleichen Mittel f\u00fcr das Freizeit- und Bildungsprogramm wie in diesem Jahr zur Verf\u00fcgung. \u201eEine besonders wichtige Aufgabe der Jugendhilfe ist es, die Pers\u00f6nlichkeitsentwicklung junger Menschen durch Freizeit- und Bildungsangebote zu f\u00f6rdern.\u201c Deshalb werde es in diesem Bereich auch k\u00fcnftig keine Abstriche aus finanziellen Gr\u00fcnden geben.<\/p>\n<p>Das Interesse, an einer Freizeit- oder Bildungsma\u00dfnahme des Landkreises Fulda teilzunehmen, ist in allen Altersschichten unver\u00e4ndert hoch. Der Fachdienst Jugend, Familie, Sport, Ehrenamt der Kreisverwaltung sucht daher regelm\u00e4\u00dfig Betreuer, die Freude am Umgang mit Kindern und Jugendlichen haben. An drei Wochenenden erhalten die jungen Menschen eine qualifizierte p\u00e4dagogische Ausbildung, die sie bef\u00e4higt, in Teams Freizeiten und Bildungsveranstaltungen des Landkreises zu betreuen.<\/p>\n<p>Das Jugendbildungsprogramm des Landkreises enth\u00e4lt neben den bekannten Klassikern auch neue Angebote. Dies sind zum Beispiel Bildungsurlaube in Prag und Leitmeritz sowie London, die gemeinsam mit den Jugendbildungswerken der Stadt Fulda und des Vogelsbergkreises durchgef\u00fchrt werden. \u201eBesonders die Fahrt nach Leitmeritz liegt uns vor dem Hintergrund der leidvollen deutsch-tschechischen Vergangenheit am Herzen\u201c, betonten Dr. Wingenfeld und Ausschussvorsitzender M\u00fcller.<\/p>\n<p>Preisnachl\u00e4sse f\u00fcr kinderreiche und sozialschwache Familien wird es weiter geben. Fachdienstleiterin Edith Jordan f\u00fchrte als zus\u00e4tzliche M\u00f6glichkeit die Nutzung des Bildungs- und Teilhabepakets an. Im Zusammenhang mit der sozialr\u00e4umlichen Umstrukturierung der Jugendhilfe sind in Kooperation mit Gemeinden, Vereinen und Verb\u00e4nden Angeboten in den verschiedenen Teilregionen des Kreises angedacht. Auch sagte der Erste Kreisbeigeordnete die Pr\u00fcfung eines Online-Anmeldeverfahrens zu.<\/p>\n<p>Ein anderer wichtiger Schwerpunkt in der Arbeit des Fachdienstes stellt die F\u00f6rderung des Ehrenamts und der Freiwilligent\u00e4tigkeit dar. Jugendbildungsreferentin Jessica Borschel k\u00fcndigte an, dass die Angebote zur Qualifikation und Weiterbildung von ehrenamtlich Engagierten in Zusammenarbeit mit den Kooperationspartnern ausgeweitet werden. Anerkennungen und Verg\u00fcnstigungen wie beispielsweise die Jugendleitercard oder die Ehrenamtscard haben sich in der Vergangenheit vielfach bew\u00e4hrt. \/ Foto: Leupold<\/p>\n","protected":false},"excerpt":{"rendered":"<div class=\"tmnf_excerpt\"><p>Fulda. Der Landkreis Fulda st\u00f6\u00dft bei seinen Ferienfreizeiten und Jugendbildungsveranstaltungen an Kapazit\u00e4tsobergrenzen, was die Zahl der f\u00fcr die Durchf\u00fchrung der Ma\u00dfnahmen zur Verf\u00fcgung stehenden Betreuer angeht. Dies wurde auf der letzten Sitzung des Fachschusses f\u00fcr Kinder- und Jugendf\u00f6rderung deutlich, der unter Leitung seines Vorsitzenden Hermann M\u00fcller (Poppenhausen) im Kreishaus tagte.<\/p>\n<\/div>","protected":false},"author":1,"featured_media":0,"comment_status":"closed","ping_status":"closed","sticky":false,"template":"","format":"standard","meta":{"footnotes":""},"categories":[1,53,29],"tags":[],"class_list":["post-104670","post","type-post","status-publish","format-standard","hentry","category-startseite","category-bildung","category-politik"],"_links":{"self":[{"href":"https:\/\/www.fuldaernachrichten.de\/index.php?rest_route=\/wp\/v2\/posts\/104670","targetHints":{"allow":["GET"]}}],"collection":[{"href":"https:\/\/www.fuldaernachrichten.de\/index.php?rest_route=\/wp\/v2\/posts"}],"about":[{"href":"https:\/\/www.fuldaernachrichten.de\/index.php?rest_route=\/wp\/v2\/types\/post"}],"author":[{"embeddable":true,"href":"https:\/\/www.fuldaernachrichten.de\/index.php?rest_route=\/wp\/v2\/users\/1"}],"replies":[{"embeddable":true,"href":"https:\/\/www.fuldaernachrichten.de\/index.php?rest_route=%2Fwp%2Fv2%2Fcomments&post=104670"}],"version-history":[{"count":0,"href":"https:\/\/www.fuldaernachrichten.de\/index.php?rest_route=\/wp\/v2\/posts\/104670\/revisions"}],"wp:attachment":[{"href":"https:\/\/www.fuldaernachrichten.de\/index.php?rest_route=%2Fwp%2Fv2%2Fmedia&parent=104670"}],"wp:term":[{"taxonomy":"category","embeddable":true,"href":"https:\/\/www.fuldaernachrichten.de\/index.php?rest_route=%2Fwp%2Fv2%2Fcategories&post=104670"},{"taxonomy":"post_tag","embeddable":true,"href":"https:\/\/www.fuldaernachrichten.de\/index.php?rest_route=%2Fwp%2Fv2%2Ftags&post=104670"}],"curies":[{"name":"wp","href":"https:\/\/api.w.org\/{rel}","templated":true}]}}