{"id":104668,"date":"2012-12-04T00:10:24","date_gmt":"2012-12-04T00:10:24","guid":{"rendered":"http:\/\/www.fuldaer-nachrichten.de\/?p=104668"},"modified":"2012-12-03T14:49:58","modified_gmt":"2012-12-03T14:49:58","slug":"kunstausstellung-zweier-kunstlergruppen-gemeinsame-prasentation-von-caritas-und-lebenshilfe-im-altstadthotel-arte","status":"publish","type":"post","link":"https:\/\/www.fuldaernachrichten.de\/?p=104668","title":{"rendered":"Kunstausstellung zweier K\u00fcnstlergruppen: Gemeinsame Pr\u00e4sentation von Caritas und Lebenshilfe im Altstadthotel Arte"},"content":{"rendered":"<p><strong>Fulda (cif). <\/strong>Weit bis in das neue Jahr hinein k\u00f6nnen Kunstwerke der beiden K\u00fcnstlergruppen \u201eKullerArt\u201c der Caritas-Behindertenhilfe und \u201eFarb Kleckse\u201c der Lebenshilfe Fulda-H\u00fcnfeld im Altstadthotel Arte in Fulda betrachtet werden: Das Arte pr\u00e4sentiert die Exponate vom 8. Dezember 2012 bis 28. Februar 2013, t\u00e4glich von 6 bis 22 Uhr. Die Vernissage mit einem weihnachtlichen Begr\u00fc\u00dfungsempfang findet am Samstag, 8. Dezember, um 15 Uhr statt. Die Adresse: Altstadthotel Arte, Doll 2- 4, 36037 Fulda.<!--more--><\/p>\n<p>F\u00fcr die beiden Kunstgruppen der Caritas und\u00c2\u00a0 Lebenshilfe bietet die gemeinsame Aktion eine sch\u00f6ne M\u00f6glichkeit, die Kunstfertigkeit der Menschen mit Behinderung in der \u00d6ffentlichkeit sichtbar zu machen: Sowohl die Gruppe KullerArt als auch die Gruppe Farb Kleckse werden beide betreut von der Kunsttherapeutin Nicole K\u00fcmmel. Im Altstadthotel Arte haben \u2013 auch wegen der gro\u00dfz\u00fcgigen \u00d6ffnungszeit \u2013 Interessierte gute M\u00f6glichkeiten, die expressiven\u00c2\u00a0\u00c2\u00a0\u00c2\u00a0\u00c2\u00a0 Bilder der K\u00fcnstler mit geistiger und Mehrfachbehinderung anzuschauen und auf sich wirken zu lassen. Der Eintritt zur Ausstellung ist kostenlos, die Vernissage ist f\u00fcr alle Interessierten zug\u00e4nglich.<\/p>\n","protected":false},"excerpt":{"rendered":"<div class=\"tmnf_excerpt\"><p>Fulda (cif). Weit bis in das neue Jahr hinein k\u00f6nnen Kunstwerke der beiden K\u00fcnstlergruppen \u201eKullerArt\u201c der Caritas-Behindertenhilfe und \u201eFarb Kleckse\u201c der Lebenshilfe Fulda-H\u00fcnfeld im Altstadthotel Arte in Fulda betrachtet werden: Das Arte pr\u00e4sentiert die Exponate vom 8. Dezember 2012 bis 28. Februar 2013, t\u00e4glich von 6 bis 22 Uhr. Die Vernissage mit einem weihnachtlichen Begr\u00fc\u00dfungsempfang &hellip;<\/p>\n<\/div>","protected":false},"author":1,"featured_media":0,"comment_status":"closed","ping_status":"closed","sticky":false,"template":"","format":"standard","meta":{"footnotes":""},"categories":[1,50,44],"tags":[],"class_list":["post-104668","post","type-post","status-publish","format-standard","hentry","category-startseite","category-kirche","category-kultur"],"_links":{"self":[{"href":"https:\/\/www.fuldaernachrichten.de\/index.php?rest_route=\/wp\/v2\/posts\/104668","targetHints":{"allow":["GET"]}}],"collection":[{"href":"https:\/\/www.fuldaernachrichten.de\/index.php?rest_route=\/wp\/v2\/posts"}],"about":[{"href":"https:\/\/www.fuldaernachrichten.de\/index.php?rest_route=\/wp\/v2\/types\/post"}],"author":[{"embeddable":true,"href":"https:\/\/www.fuldaernachrichten.de\/index.php?rest_route=\/wp\/v2\/users\/1"}],"replies":[{"embeddable":true,"href":"https:\/\/www.fuldaernachrichten.de\/index.php?rest_route=%2Fwp%2Fv2%2Fcomments&post=104668"}],"version-history":[{"count":0,"href":"https:\/\/www.fuldaernachrichten.de\/index.php?rest_route=\/wp\/v2\/posts\/104668\/revisions"}],"wp:attachment":[{"href":"https:\/\/www.fuldaernachrichten.de\/index.php?rest_route=%2Fwp%2Fv2%2Fmedia&parent=104668"}],"wp:term":[{"taxonomy":"category","embeddable":true,"href":"https:\/\/www.fuldaernachrichten.de\/index.php?rest_route=%2Fwp%2Fv2%2Fcategories&post=104668"},{"taxonomy":"post_tag","embeddable":true,"href":"https:\/\/www.fuldaernachrichten.de\/index.php?rest_route=%2Fwp%2Fv2%2Ftags&post=104668"}],"curies":[{"name":"wp","href":"https:\/\/api.w.org\/{rel}","templated":true}]}}