{"id":104664,"date":"2012-12-04T00:11:18","date_gmt":"2012-12-04T00:11:18","guid":{"rendered":"http:\/\/www.fuldaer-nachrichten.de\/?p=104664"},"modified":"2012-12-03T14:45:51","modified_gmt":"2012-12-03T14:45:51","slug":"neuer-kjf-glaubenskurs-im-januar","status":"publish","type":"post","link":"https:\/\/www.fuldaernachrichten.de\/?p=104664","title":{"rendered":"Neuer KJF-Glaubenskurs im Januar"},"content":{"rendered":"<p><strong>Fulda. <\/strong>Die Sch\u00f6nstatt Bewegung M\u00e4dchen und Junge Frauen (MJF), die Sch\u00f6nstatt-Mannesjugend (SMJ), das Jugendb\u00fcro der H\u00fcnfelder Oblaten (OMI) und die Katholische Jugend im Bistum Fulda (KJF) bieten vom 11. &#8211; 13. Januar 2013 ein Glaubenswochenende f\u00fcr Jugendliche ab 16 Jahren an. Im &#8220;Jahr des Glaubens&#8221; bietet das Glaubenskurs-Wochenende wieder (oder auch zum ersten Mal!) die Gelegenheit, mehr \u00fcber den Glauben und seine Bedeutung f\u00fcr das eigene Leben zu erfahren und sich dar\u00fcber mit anderen Jugendlichen und jungen Erwachsenen auszutauschen. Das Wochenende findet im Sch\u00f6nstattzentrum in Dietershausen statt und beginnt am Freitag, 11. Januar, um 17.30 Uhr, Ende ist am Sonntag nach dem Mittagessen. Der Teilnehmerbeitrag betr\u00e4gt 35 Euro. Anmeldung und weitere Infos gibt\u00e2\u20ac\u2122s auf www.kjf-fulda.de oder in der KJF-Di\u00f6zesanstelle, Tel. 0661\/87-367.<\/p>\n<div>\n<p>&nbsp;<\/p>\n<\/div>\n","protected":false},"excerpt":{"rendered":"<div class=\"tmnf_excerpt\"><p>Fulda. Die Sch\u00f6nstatt Bewegung M\u00e4dchen und Junge Frauen (MJF), die Sch\u00f6nstatt-Mannesjugend (SMJ), das Jugendb\u00fcro der H\u00fcnfelder Oblaten (OMI) und die Katholische Jugend im Bistum Fulda (KJF) bieten vom 11. &#8211; 13. Januar 2013 ein Glaubenswochenende f\u00fcr Jugendliche ab 16 Jahren an. Im &#8220;Jahr des Glaubens&#8221; bietet das Glaubenskurs-Wochenende wieder (oder auch zum ersten Mal!) die &hellip;<\/p>\n<\/div>","protected":false},"author":1,"featured_media":0,"comment_status":"closed","ping_status":"closed","sticky":false,"template":"","format":"standard","meta":{"footnotes":""},"categories":[1,50],"tags":[],"class_list":["post-104664","post","type-post","status-publish","format-standard","hentry","category-startseite","category-kirche"],"_links":{"self":[{"href":"https:\/\/www.fuldaernachrichten.de\/index.php?rest_route=\/wp\/v2\/posts\/104664","targetHints":{"allow":["GET"]}}],"collection":[{"href":"https:\/\/www.fuldaernachrichten.de\/index.php?rest_route=\/wp\/v2\/posts"}],"about":[{"href":"https:\/\/www.fuldaernachrichten.de\/index.php?rest_route=\/wp\/v2\/types\/post"}],"author":[{"embeddable":true,"href":"https:\/\/www.fuldaernachrichten.de\/index.php?rest_route=\/wp\/v2\/users\/1"}],"replies":[{"embeddable":true,"href":"https:\/\/www.fuldaernachrichten.de\/index.php?rest_route=%2Fwp%2Fv2%2Fcomments&post=104664"}],"version-history":[{"count":0,"href":"https:\/\/www.fuldaernachrichten.de\/index.php?rest_route=\/wp\/v2\/posts\/104664\/revisions"}],"wp:attachment":[{"href":"https:\/\/www.fuldaernachrichten.de\/index.php?rest_route=%2Fwp%2Fv2%2Fmedia&parent=104664"}],"wp:term":[{"taxonomy":"category","embeddable":true,"href":"https:\/\/www.fuldaernachrichten.de\/index.php?rest_route=%2Fwp%2Fv2%2Fcategories&post=104664"},{"taxonomy":"post_tag","embeddable":true,"href":"https:\/\/www.fuldaernachrichten.de\/index.php?rest_route=%2Fwp%2Fv2%2Ftags&post=104664"}],"curies":[{"name":"wp","href":"https:\/\/api.w.org\/{rel}","templated":true}]}}