{"id":104663,"date":"2012-12-04T00:10:58","date_gmt":"2012-12-04T00:10:58","guid":{"rendered":"http:\/\/www.fuldaer-nachrichten.de\/?p=104663"},"modified":"2012-12-03T14:45:01","modified_gmt":"2012-12-03T14:45:01","slug":"winterferienprogramm-fur-kinder-in-der-mutze","status":"publish","type":"post","link":"https:\/\/www.fuldaernachrichten.de\/?p=104663","title":{"rendered":"Winterferienprogramm f\u00fcr Kinder in Der M\u00dcTZE"},"content":{"rendered":"<p>Das Fuldaer M\u00fctterzentrum \u201cDie M\u00dcTZE\u00e2\u20ac\u009d, Gallasiniring 8, 36043 Fulda, (Tel.\/Fax: 0661\/8050, Internet: <a href=\"http:\/\/www.muetze-fulda.de\/\">http:\/\/www.muetze-fulda.de<\/a>) bietet in den Winterferien speziell f\u00fcr Kinder folgende Kurse an:<!--more--><\/p>\n<p><strong>Theaterworkshop \u2013 Winterzeit:<\/strong> Montag, 07.01.13 \u2013 Donnerstag, 10.01.13 in der Zeit von 15.00 \u2013 17.30 Uhr, Kursdauer: 4x, f\u00fcr Kinder ab 1. Klasse. Zusammen erarbeiten wir ein kleines Theaterst\u00fcck zum Thema Winter. Es ist bestimmt f\u00fcr jeden die passende Rolle dabei, um sich auszuprobieren und in eine andere Pers\u00f6nlichkeit zu schl\u00fcpfen. Lasst euch auf das Abenteuer \u201e Theater\u201c ein! Am letzten Tag sind alle Eltern zu einer kleinen Vorstellung ab 17.00 Uhr eingeladen. Mitzubringen: Hausschuhe oder dicke Socken<\/p>\n<p><strong>Experimentierwerkstatt \u2013 Wie funktioniert das?:<\/strong> Kurs I: Montag, 07.01.13 in der Zeit von 9.00 \u2013 11.30 Uhr, Kurs II: Mittwoch, 09.01.13 in der Zeit von 9.00 \u2013 11.30 Uhr, f\u00fcr Kinder ab 1. Klasse.Wir probieren selbst aus, wie verschiedene Dinge im Bereich von Chemie, Mathematik und Physik funktionieren. Wer neugierig ist und es selbst ausprobiert, begreift die Zusammenh\u00e4nge leichter und findet eher Spa\u00df an den Naturwissenschaften. Die Termine sind einzeln buchbar und es werden an den zwei Tagen verschiedene Experimente gezeigt.<\/p>\n<p><strong>10-Finger-PC schreiben in den Ferien:<\/strong> Von Mittwoch, 09.01.13 \u2013 Samstag, 12.01.13 jeweils in der Zeit von 9.30 \u2013 11.30 Uhr, Kursdauer: 4x, f\u00fcr Kinder ab 11 Jahren. Das 10-Finger-Tastaturschreiben wird vermittelt und immer wieder eine Bewegungspause eingelegt. Bitte lockere Kleidung anziehen und ein kleines Fr\u00fchst\u00fcck mitbringen.<\/p>\n<p><strong>Schmuckkurs:<\/strong> Donnerstag, 10.01.13 in der Zeit von 10.00 \u2013 12.00 Uhr, f\u00fcr Kinder ab 8 Jahren. Hier kann man Ketten und Ohrringe nach eigenen Vorstellungen fertigen. Eine gro\u00dfe Auswahl an Perlen in den verschiedenen Farben, Materialien und Gr\u00f6\u00dfen sind vorhanden.<\/p>\n<p><strong>Extra Ferienangebot: <\/strong>Am Dienstag, 08.01.13 in der Zeit von 9.00 \u2013 12.00 Uhr. W\u00e4hrend der Offenen Kinderbetreuung wird f\u00fcr Kinder im Alter von 6 \u2013 10 Jahren eine extra Bastel- und Besch\u00e4ftigungsm\u00f6glichkeit in den Ferien angeboten.<strong><br \/>\n<\/strong><\/p>\n<p><strong>Zu den genannten Kursen ist eine Anmeldung sp\u00e4testens eine Woche vorher erforderlich unter Tel. 0661\/8050, <\/strong><strong>Mo. \u2013 Fr. von 9.00 \u2013 12.30 Uhr.<\/strong><\/p>\n","protected":false},"excerpt":{"rendered":"<div class=\"tmnf_excerpt\"><p>Das Fuldaer M\u00fctterzentrum \u201cDie M\u00dcTZE\u00e2\u20ac\u009d, Gallasiniring 8, 36043 Fulda, (Tel.\/Fax: 0661\/8050, Internet: http:\/\/www.muetze-fulda.de) bietet in den Winterferien speziell f\u00fcr Kinder folgende Kurse an:<\/p>\n<\/div>","protected":false},"author":1,"featured_media":0,"comment_status":"closed","ping_status":"closed","sticky":false,"template":"","format":"standard","meta":{"footnotes":""},"categories":[1,53,72],"tags":[],"class_list":["post-104663","post","type-post","status-publish","format-standard","hentry","category-startseite","category-bildung","category-jugend"],"_links":{"self":[{"href":"https:\/\/www.fuldaernachrichten.de\/index.php?rest_route=\/wp\/v2\/posts\/104663","targetHints":{"allow":["GET"]}}],"collection":[{"href":"https:\/\/www.fuldaernachrichten.de\/index.php?rest_route=\/wp\/v2\/posts"}],"about":[{"href":"https:\/\/www.fuldaernachrichten.de\/index.php?rest_route=\/wp\/v2\/types\/post"}],"author":[{"embeddable":true,"href":"https:\/\/www.fuldaernachrichten.de\/index.php?rest_route=\/wp\/v2\/users\/1"}],"replies":[{"embeddable":true,"href":"https:\/\/www.fuldaernachrichten.de\/index.php?rest_route=%2Fwp%2Fv2%2Fcomments&post=104663"}],"version-history":[{"count":0,"href":"https:\/\/www.fuldaernachrichten.de\/index.php?rest_route=\/wp\/v2\/posts\/104663\/revisions"}],"wp:attachment":[{"href":"https:\/\/www.fuldaernachrichten.de\/index.php?rest_route=%2Fwp%2Fv2%2Fmedia&parent=104663"}],"wp:term":[{"taxonomy":"category","embeddable":true,"href":"https:\/\/www.fuldaernachrichten.de\/index.php?rest_route=%2Fwp%2Fv2%2Fcategories&post=104663"},{"taxonomy":"post_tag","embeddable":true,"href":"https:\/\/www.fuldaernachrichten.de\/index.php?rest_route=%2Fwp%2Fv2%2Ftags&post=104663"}],"curies":[{"name":"wp","href":"https:\/\/api.w.org\/{rel}","templated":true}]}}