{"id":104661,"date":"2012-12-04T00:14:10","date_gmt":"2012-12-04T00:14:10","guid":{"rendered":"http:\/\/www.fuldaer-nachrichten.de\/?p=104661"},"modified":"2012-12-03T14:43:41","modified_gmt":"2012-12-03T14:43:41","slug":"uwag-nimmt-breitband-in-flieden-in-betrieb","status":"publish","type":"post","link":"https:\/\/www.fuldaernachrichten.de\/?p=104661","title":{"rendered":"\u00dcWAG nimmt Breitband in Flieden in Betrieb"},"content":{"rendered":"<p><img decoding=\"async\" class=\"alignleft size-thumbnail wp-image-104662\" title=\"\u00dcWAG-Breitband_Flieden_1\" src=\"http:\/\/www.fuldaer-nachrichten.de\/wp-content\/uploads\/2012\/12\/\u00dcWAG-Breitband_Flieden_1-265x176.jpg\" alt=\"\" width=\"265\" height=\"176\" \/>Flieden. In weniger als einem Jahr hat die \u00dcWAG in der Gemeinde Flieden ein Glasfasernetz aufgebaut, das Zukunftsf\u00e4higkeit garantiert und den B\u00fcrgerinnen und B\u00fcrgern die T\u00fcr in ein neues Internetzeitalter \u00f6ffnet. Vom Abschluss des Breitbandvertrags mit der Gemeinde am 4. Januar 2012 bis zum ersten Anschluss eines Kunden an das \u00dcWAG-Netz am 28. November 2012 sind nicht einmal elf Monate vergangen. Nun stehen im Kernort sowie in Magdlos, R\u00fcckers, D\u00f6ngesm\u00fchle, Buchenrod, H\u00f6f und Haid Bandbreiten bis zu 50 Megabit pro Sekunde zur Verf\u00fcgung. Die Ortsteile Schweben und Stork werden gem\u00e4\u00df den Planungen Mitte des n\u00e4chsten Jahres angebunden.<!--more--><\/p>\n<p>\u201eDie \u00dcWAG hat den Zeitplan nicht nur eingehalten, sondern \u00fcbererf\u00fcllt, denn die Anbindung von H\u00f6f und Haid war erst f\u00fcr das n\u00e4chste Jahr vorgesehen\u201c, lobt der Fliedener B\u00fcrgermeister Christian Henkel. \u201eDer Weg in die Zukunft der Telekommunikation f\u00fchrt nur \u00fcber die Glasfaser. Wir sind sehr froh, dass die \u00dcWAG mit uns zusammen diesen Weg geht\u201c, erkl\u00e4rte er anl\u00e4sslich der Inbetriebnahme der Breitbandinfrastruktur und betonte,\u00c2\u00a0 Provisorien, wie etwa Funkl\u00f6sungen, seien keine Alternative. Ein zukunftsf\u00e4higer Wirtschaftsstandort und attraktiver Wohnort brauche eine zukunftsf\u00e4hige L\u00f6sung.<\/p>\n<p>Dipl.-Kfm. Ralf-Stefan St\u00f6ppler, Bereichsleiter bei der \u00dcWAG, wies darauf hin, dass der sogenannte FTTC-Ausbau (Fibre to the Curb), also die Verlegung der Glasfaser bis zu den Kabelverzweigern, ein erster Schritt sei. \u201eSo bekommen wir erst einmal die Leitungen in die Fl\u00e4che und f\u00fcr die Kunden schnell eine enorme Verbesserung, selbst wenn zun\u00e4chst noch f\u00fcr die letzten Meter die Kupferkabel der Deutschen Telekom genutzt werden.\u201c In einem zweiten Schritt seien auch Glasfaseranschl\u00fcsse direkt in die H\u00e4user (FTTH = Fibre to the Home) m\u00f6glich. Kunden, deren Grundst\u00fccke direkt an der Haupttrasse liegen, k\u00f6nnten sogar jetzt schon in den Genuss eines FTTH-Anschlusses kommen.<\/p>\n<p>Dipl.-Wirtsch.-Ing. (FH) Jens Schilling, Abteilungsleiter Breitbandversorgung bei der \u00dcWAG, stellte die Produkte f\u00fcr Internet und Telefonie vor. Er k\u00fcndigte an, dass diese k\u00fcnftig noch durch Fernseh- und Mobilfunkangebote erg\u00e4nzt werden.<\/p>\n<p>Landrat Bernd Woide unterstrich die Bedeutung des Breitbandausbaus f\u00fcr Flieden und die Region. \u201eDie geographische Lage in der Mitte Deutschlands, die gute Autobahnanbindung und jetzt die schnellen Datenleitungen machen Flieden zu einem attraktiven Wirtschaftsstandort. In Zeiten, in denen immer mehr Dienstleistungsberufe ortsunabh\u00e4ngig ausge\u00fcbt werden k\u00f6nnen, er\u00f6ffnen sich f\u00fcr alle Gemeinden des Landkreises gro\u00dfe Chancen, mit einer zukunftsf\u00e4higen Daten-Infrastruktur Gewerbebetriebe anzuziehen und die weichen Standortvorteile als Wohnorte mit hoher Lebensqualit\u00e4t zur Geltung zu bringen\u201c. Die \u00dcWAG leiste mit ihrem Engagement hier einen wichtigen Beitrag.<\/p>\n<p>Foto v.l.: Jens Schilling, \u00dcWAG-Abteilungsleiter Breitbandversorgung; Christian Henkel, B\u00fcrgermeister; Ralf-Stefan St\u00f6ppler, \u00dcWAG-Bereichsleiter Beteiligungen und Konzessionsmanagement; Bernd Woide, Landrat; Stefan G\u00e4rtner, Vorsitzender Gemeindevertretung; Gabriele R\u00f6hrig, Beigeordnete der Gemeinde; Winfried M\u00f6ller, Kreisbeigeordneter und Vors. SPD-Fraktion; Ursula H\u00fcfner, Beigeordnete der Gemeinde; Winfried Happ, 1. Beigeordneter<\/p>\n<p>&nbsp;<\/p>\n<p>&nbsp;<\/p>\n","protected":false},"excerpt":{"rendered":"<div class=\"tmnf_excerpt\"><p>Flieden. In weniger als einem Jahr hat die \u00dcWAG in der Gemeinde Flieden ein Glasfasernetz aufgebaut, das Zukunftsf\u00e4higkeit garantiert und den B\u00fcrgerinnen und B\u00fcrgern die T\u00fcr in ein neues Internetzeitalter \u00f6ffnet. Vom Abschluss des Breitbandvertrags mit der Gemeinde am 4. Januar 2012 bis zum ersten Anschluss eines Kunden an das \u00dcWAG-Netz am 28. November 2012 &hellip;<\/p>\n<\/div>","protected":false},"author":1,"featured_media":0,"comment_status":"closed","ping_status":"closed","sticky":false,"template":"","format":"standard","meta":{"footnotes":""},"categories":[1,29],"tags":[],"class_list":["post-104661","post","type-post","status-publish","format-standard","hentry","category-startseite","category-politik"],"_links":{"self":[{"href":"https:\/\/www.fuldaernachrichten.de\/index.php?rest_route=\/wp\/v2\/posts\/104661","targetHints":{"allow":["GET"]}}],"collection":[{"href":"https:\/\/www.fuldaernachrichten.de\/index.php?rest_route=\/wp\/v2\/posts"}],"about":[{"href":"https:\/\/www.fuldaernachrichten.de\/index.php?rest_route=\/wp\/v2\/types\/post"}],"author":[{"embeddable":true,"href":"https:\/\/www.fuldaernachrichten.de\/index.php?rest_route=\/wp\/v2\/users\/1"}],"replies":[{"embeddable":true,"href":"https:\/\/www.fuldaernachrichten.de\/index.php?rest_route=%2Fwp%2Fv2%2Fcomments&post=104661"}],"version-history":[{"count":0,"href":"https:\/\/www.fuldaernachrichten.de\/index.php?rest_route=\/wp\/v2\/posts\/104661\/revisions"}],"wp:attachment":[{"href":"https:\/\/www.fuldaernachrichten.de\/index.php?rest_route=%2Fwp%2Fv2%2Fmedia&parent=104661"}],"wp:term":[{"taxonomy":"category","embeddable":true,"href":"https:\/\/www.fuldaernachrichten.de\/index.php?rest_route=%2Fwp%2Fv2%2Fcategories&post=104661"},{"taxonomy":"post_tag","embeddable":true,"href":"https:\/\/www.fuldaernachrichten.de\/index.php?rest_route=%2Fwp%2Fv2%2Ftags&post=104661"}],"curies":[{"name":"wp","href":"https:\/\/api.w.org\/{rel}","templated":true}]}}