{"id":104657,"date":"2012-12-04T00:12:00","date_gmt":"2012-12-04T00:12:00","guid":{"rendered":"http:\/\/www.fuldaer-nachrichten.de\/?p=104657"},"modified":"2012-12-03T14:39:49","modified_gmt":"2012-12-03T14:39:49","slug":"kunstworkshop-im-vonderau-museum-mein-engel","status":"publish","type":"post","link":"https:\/\/www.fuldaernachrichten.de\/?p=104657","title":{"rendered":"Kunstworkshop im Vonderau Museum: Mein Engel"},"content":{"rendered":"<p><img fetchpriority=\"high\" decoding=\"async\" class=\"alignleft size-thumbnail wp-image-104658\" title=\"Mein Engel\" src=\"http:\/\/www.fuldaer-nachrichten.de\/wp-content\/uploads\/2012\/12\/Mein-Engel-265x265.jpg\" alt=\"\" width=\"265\" height=\"265\" srcset=\"https:\/\/www.fuldaernachrichten.de\/wp-content\/uploads\/2012\/12\/Mein-Engel-265x265.jpg 265w, https:\/\/www.fuldaernachrichten.de\/wp-content\/uploads\/2012\/12\/Mein-Engel.jpg 500w\" sizes=\"(max-width: 265px) 100vw, 265px\" \/>Fulda (cp). Engel sind besonders in der Advents- und Weihnachtszeit allgegenw\u00e4rtig. Durch alle Kulturen und Jahrhunderte hindurch hat sich die Funktion der Engelgestalten kaum ver\u00e4ndert. Sie sind Vermittler zwischen Mensch und Gott, sie bieten Schutz, geben Halt. In dem Tagesworkshop des Vonderau Museums sollen ganz pers\u00f6nliche Vorstellungen von Engelswesen malerisch umgesetzt werden. Gro\u00dfformatig, mit Acrylfarben, Pinsel und Spachtel gehen die Teilnehmer ans Werk und erhalten professionelle Unterst\u00fctzung bei der Ausf\u00fchrung ihrer Ideen. Als Anregung dienen die Engel-Objekte aus der Sammlung des Vonderau Museums sowie Abbildungen von modernen Engelgem\u00e4lden. Gerne k\u00f6nnen die Teilnehmer auch ihre eigenen Engelbilder mitbringen. Dieser Tagesworkshop richtet sich an Hobbymaler\/innen mit einiger Malerfahrung.<!--more--><br \/>\nSamstag, 08. Dezember 2012, 14.00 \u2013 ca. 20.00 Uhr<br \/>\nKursgeb\u00fchr: 69,- \u00e2\u201a\u00ac inkl. aller Malutensilien (au\u00dfer Leinwand), Tee, Knabbereien<br \/>\nTeilnehmer: max. 8 Personen<br \/>\nOrt: K\u00fcnstlergalerie im Vonderau Museum Fulda<br \/>\nAnmeldung + Durchf\u00fchrung: Kornelia Wagner (Museumsp\u00e4dagogin), Tel. 0661-9283518 oder Verena K\u00fchnlein (Kunstmalerin), Tel. 0661 &#8211; 4800178 und www.verenz.de<\/p>\n","protected":false},"excerpt":{"rendered":"<div class=\"tmnf_excerpt\"><p>Fulda (cp). Engel sind besonders in der Advents- und Weihnachtszeit allgegenw\u00e4rtig. Durch alle Kulturen und Jahrhunderte hindurch hat sich die Funktion der Engelgestalten kaum ver\u00e4ndert. Sie sind Vermittler zwischen Mensch und Gott, sie bieten Schutz, geben Halt. In dem Tagesworkshop des Vonderau Museums sollen ganz pers\u00f6nliche Vorstellungen von Engelswesen malerisch umgesetzt werden. Gro\u00dfformatig, mit Acrylfarben, &hellip;<\/p>\n<\/div>","protected":false},"author":1,"featured_media":0,"comment_status":"closed","ping_status":"closed","sticky":false,"template":"","format":"standard","meta":{"footnotes":""},"categories":[1,44],"tags":[],"class_list":["post-104657","post","type-post","status-publish","format-standard","hentry","category-startseite","category-kultur"],"_links":{"self":[{"href":"https:\/\/www.fuldaernachrichten.de\/index.php?rest_route=\/wp\/v2\/posts\/104657","targetHints":{"allow":["GET"]}}],"collection":[{"href":"https:\/\/www.fuldaernachrichten.de\/index.php?rest_route=\/wp\/v2\/posts"}],"about":[{"href":"https:\/\/www.fuldaernachrichten.de\/index.php?rest_route=\/wp\/v2\/types\/post"}],"author":[{"embeddable":true,"href":"https:\/\/www.fuldaernachrichten.de\/index.php?rest_route=\/wp\/v2\/users\/1"}],"replies":[{"embeddable":true,"href":"https:\/\/www.fuldaernachrichten.de\/index.php?rest_route=%2Fwp%2Fv2%2Fcomments&post=104657"}],"version-history":[{"count":0,"href":"https:\/\/www.fuldaernachrichten.de\/index.php?rest_route=\/wp\/v2\/posts\/104657\/revisions"}],"wp:attachment":[{"href":"https:\/\/www.fuldaernachrichten.de\/index.php?rest_route=%2Fwp%2Fv2%2Fmedia&parent=104657"}],"wp:term":[{"taxonomy":"category","embeddable":true,"href":"https:\/\/www.fuldaernachrichten.de\/index.php?rest_route=%2Fwp%2Fv2%2Fcategories&post=104657"},{"taxonomy":"post_tag","embeddable":true,"href":"https:\/\/www.fuldaernachrichten.de\/index.php?rest_route=%2Fwp%2Fv2%2Ftags&post=104657"}],"curies":[{"name":"wp","href":"https:\/\/api.w.org\/{rel}","templated":true}]}}