{"id":104650,"date":"2012-12-03T10:44:13","date_gmt":"2012-12-03T10:44:13","guid":{"rendered":"http:\/\/www.fuldaer-nachrichten.de\/?p=104650"},"modified":"2012-12-03T10:44:13","modified_gmt":"2012-12-03T10:44:13","slug":"weihnachtliches-krippenspiel-in-furstlicher-atmosphare","status":"publish","type":"post","link":"https:\/\/www.fuldaernachrichten.de\/?p=104650","title":{"rendered":"Weihnachtliches Krippenspiel in f\u00fcrstlicher Atmosph\u00e4re"},"content":{"rendered":"<p><img decoding=\"async\" class=\"alignleft size-thumbnail wp-image-104655\" title=\"IMGP8624\" src=\"http:\/\/www.fuldaer-nachrichten.de\/wp-content\/uploads\/2012\/12\/IMGP8624-265x176.jpg\" alt=\"\" width=\"265\" height=\"176\" srcset=\"https:\/\/www.fuldaernachrichten.de\/wp-content\/uploads\/2012\/12\/IMGP8624-265x176.jpg 265w, https:\/\/www.fuldaernachrichten.de\/wp-content\/uploads\/2012\/12\/IMGP8624.jpg 592w\" sizes=\"(max-width: 265px) 100vw, 265px\" \/>Eichenzell. Etwa 200 Besucher str\u00f6mten bei winterlichen Temperaturen in die weihnachtlich geschm\u00fcckte Reithalle des Reitclub Fulda e.V. um das Krippenspiel hoch zu Pferde zu sehen, welches die aktiven Kinder, Jugendlichen und junge Erwachsene des Reitclub Fulda liebevoll auff\u00fchrten. Unter adventlichen Kl\u00e4ngen zogen Maria und Josef mit den Pferden in die Halle ein. Zahlreiche kleine Hirten und Engelchen begleiteten t\u00e4nzerisch das heilige Paar. Auch der Stern von Bethlehem \u2013 geritten von Daniela Hohmann- zog prachtvoll hoch zu Ross in die Reithalle ein. Die berittenen Hirten zeigten eine gelungene Springquadrille, die gro\u00dfen Beifall fand. Die heiligen drei K\u00f6nige ritten ein und begr\u00fc\u00dften mit einer Dressurquadrille das Jesuskind, welches in einer Herberge geboren wurde.<!--more--><\/p>\n<p>Nach den reiterlichen Darbietungen zog der heilige Nikolaus- alias Winfried Muth- mit Knecht Ruprecht ganz modern mit dem Traktor ein. St.Nikolaus ehrte das aktive Vereinsmitglied Peter Senftleben. Anschlie\u00dfend wurden alle Kinder vom Nikolaus beschenkt und die Kinder schm\u00fcckten einen prachtvollen Weihnachtsbaum f\u00fcr die Reithalle. B\u00fcrgermeister Dieter Kolb und Ortsvorsteher Gerhard Dehler lie\u00dfen es sich nicht nehmen und weilten unter den zahlreichen Besuchern. Ein kleiner Weihnachtsmarkt mit zahlreichen H\u00e4ndlern sorgte f\u00fcr weihnachtliche Stimmung. Die Damen des Reitclub Fulda versorgten die Besucher mit leckeren Weihnachtsk\u00f6stlichkeiten. Vereinsvorsitzende Petra Euler-De Meo bedankte sich bei allen Aktiven und zog ein positives Res\u00fcmee \u00fcber das Weihnachtsreiten, welches mittlerweile schon zur Tradition auf der f\u00fcrstlichen Reitanlage geworden ist. <a href=\"http:\/\/www.reitclub-fulda.com\" target=\"_blank\">www.reitclub-fulda.com<\/a><\/p>\n<p><img decoding=\"async\" class=\"alignnone size-thumbnail wp-image-104656\" title=\"IMGP8631\" src=\"http:\/\/www.fuldaer-nachrichten.de\/wp-content\/uploads\/2012\/12\/IMGP8631-265x176.jpg\" alt=\"\" width=\"265\" height=\"176\" srcset=\"https:\/\/www.fuldaernachrichten.de\/wp-content\/uploads\/2012\/12\/IMGP8631-265x176.jpg 265w, https:\/\/www.fuldaernachrichten.de\/wp-content\/uploads\/2012\/12\/IMGP8631.jpg 592w\" sizes=\"(max-width: 265px) 100vw, 265px\" \/> <img decoding=\"async\" class=\"alignnone size-thumbnail wp-image-104652\" title=\"IMGP8607\" src=\"http:\/\/www.fuldaer-nachrichten.de\/wp-content\/uploads\/2012\/12\/IMGP8607-265x176.jpg\" alt=\"\" width=\"265\" height=\"176\" srcset=\"https:\/\/www.fuldaernachrichten.de\/wp-content\/uploads\/2012\/12\/IMGP8607-265x176.jpg 265w, https:\/\/www.fuldaernachrichten.de\/wp-content\/uploads\/2012\/12\/IMGP8607.jpg 592w\" sizes=\"(max-width: 265px) 100vw, 265px\" \/><\/p>\n","protected":false},"excerpt":{"rendered":"<div class=\"tmnf_excerpt\"><p>Eichenzell. Etwa 200 Besucher str\u00f6mten bei winterlichen Temperaturen in die weihnachtlich geschm\u00fcckte Reithalle des Reitclub Fulda e.V. um das Krippenspiel hoch zu Pferde zu sehen, welches die aktiven Kinder, Jugendlichen und junge Erwachsene des Reitclub Fulda liebevoll auff\u00fchrten. Unter adventlichen Kl\u00e4ngen zogen Maria und Josef mit den Pferden in die Halle ein. Zahlreiche kleine Hirten &hellip;<\/p>\n<\/div>","protected":false},"author":1,"featured_media":0,"comment_status":"closed","ping_status":"closed","sticky":false,"template":"","format":"standard","meta":{"footnotes":""},"categories":[1,44],"tags":[],"class_list":["post-104650","post","type-post","status-publish","format-standard","hentry","category-startseite","category-kultur"],"_links":{"self":[{"href":"https:\/\/www.fuldaernachrichten.de\/index.php?rest_route=\/wp\/v2\/posts\/104650","targetHints":{"allow":["GET"]}}],"collection":[{"href":"https:\/\/www.fuldaernachrichten.de\/index.php?rest_route=\/wp\/v2\/posts"}],"about":[{"href":"https:\/\/www.fuldaernachrichten.de\/index.php?rest_route=\/wp\/v2\/types\/post"}],"author":[{"embeddable":true,"href":"https:\/\/www.fuldaernachrichten.de\/index.php?rest_route=\/wp\/v2\/users\/1"}],"replies":[{"embeddable":true,"href":"https:\/\/www.fuldaernachrichten.de\/index.php?rest_route=%2Fwp%2Fv2%2Fcomments&post=104650"}],"version-history":[{"count":0,"href":"https:\/\/www.fuldaernachrichten.de\/index.php?rest_route=\/wp\/v2\/posts\/104650\/revisions"}],"wp:attachment":[{"href":"https:\/\/www.fuldaernachrichten.de\/index.php?rest_route=%2Fwp%2Fv2%2Fmedia&parent=104650"}],"wp:term":[{"taxonomy":"category","embeddable":true,"href":"https:\/\/www.fuldaernachrichten.de\/index.php?rest_route=%2Fwp%2Fv2%2Fcategories&post=104650"},{"taxonomy":"post_tag","embeddable":true,"href":"https:\/\/www.fuldaernachrichten.de\/index.php?rest_route=%2Fwp%2Fv2%2Ftags&post=104650"}],"curies":[{"name":"wp","href":"https:\/\/api.w.org\/{rel}","templated":true}]}}