{"id":104646,"date":"2012-12-03T00:08:13","date_gmt":"2012-12-03T00:08:13","guid":{"rendered":"http:\/\/www.fuldaer-nachrichten.de\/?p=104646"},"modified":"2012-12-03T10:36:34","modified_gmt":"2012-12-03T10:36:34","slug":"forderpreis-helfende-hand-des-bundesinnenministers-friedrich-zeichnet-malteser-weltrekordler-aus-marburg-aus","status":"publish","type":"post","link":"https:\/\/www.fuldaernachrichten.de\/?p=104646","title":{"rendered":"F\u00f6rderpreis \u201eHelfende Hand\u201c des Bundesinnenministers &#8211; Friedrich zeichnet Malteser Weltrekordler aus Marburg aus"},"content":{"rendered":"<p><img fetchpriority=\"high\" decoding=\"async\" class=\"alignnone size-full wp-image-104647\" title=\"wl_Malteser00014[WebqualitN\u00cc\u0192t]\" src=\"http:\/\/www.fuldaer-nachrichten.de\/wp-content\/uploads\/2012\/12\/wl_Malteser00014WebqualitN\u00cc\u0192t.jpg\" alt=\"\" width=\"560\" height=\"377\" \/>K\u00f6ln\/Marburg\/Berlin. Der Erste Platz des F\u00f6rderpreises \u201eHelfende Hand\u201c geht an die Malteser im Bistum Fulda. Mit einem <a title=\"http:\/\/www.helfende-hand-foerderpreis.de\/index.php?id=325\" href=\"http:\/\/www.helfende-hand-foerderpreis.de\/index.php?id=325\">Reanimationsweltrekord<\/a> gewannen die Marburger Malteser den ersten Platz in der Kategorie \u201eInnovative Konzepte\u201c &#8211; und ein Preisgeld in H\u00f6he von 7.500 Euro.<!--more--><\/p>\n<p>Mit dem Reanimations-Weltrekord haben die Marburger Malteser demonstriert, wie man effektiv Leben rettet, und das \u00fcber 40 Stunden lang \u2013 ihre in 40 Stunden aufgewendete Kraft w\u00fcrde \u00fcbrigens ausreichen, um drei Jumbojets wegzuziehen. Zugleich weckten sie auf ungew\u00f6hnliche Weise das Interesse f\u00fcr ehrenamtliches Engagement in einer Hilfsorganisation.<\/p>\n<p>Bundesinnenminister Hans-Peter Friedrich hat in Berlin insgesamt drei Projekte der Malteser beim F\u00f6rderpreis \u201eHelfende Hand\u201c ausgezeichnet. Der Wettbewerb stellt Projekte vor, die das Interesse am ehrenamtlichen Engagement im Bev\u00f6lkerungsschutz wecken<\/p>\n<p><img decoding=\"async\" class=\"alignleft size-thumbnail wp-image-104648\" title=\"wl_Malteser00019[WebqualitN\u00cc\u0192t]\" src=\"http:\/\/www.fuldaer-nachrichten.de\/wp-content\/uploads\/2012\/12\/wl_Malteser00019WebqualitN\u00cc\u0192t-265x379.jpg\" alt=\"\" width=\"265\" height=\"379\" \/>Zweiter wurde in der gleichen Kategorie das Projekt <a title=\"http:\/\/www.gemeinsam-fuer-muenster.de\/\" href=\"http:\/\/www.gemeinsam-fuer-muenster.de\/\">\u201eGemeinsam f\u00fcr M\u00fcnster\u201c<\/a>, mit dem die Malteser zusammen mit den Hilfsorganisationen Arbeiter-Samariter-Bund, Deutsches Rotes Kreuz und Die Johanniter \u00d6ffentlichkeitsarbeit f\u00fcr das Ehrenamt im Bev\u00f6lkerungsschutz betreiben. Aufs Siegertreppchen schafften es auch die Malteser aus Essen. Sie gewannen den zweiten Platz in der Kategorie \u201eJugend- und Nachwuchsarbeit\u201c mit der Idee, Hauptsch\u00fcler der neunten Jahrgangsstufe <a title=\"http:\/\/www1.malteser-essen.de\/DGS_Essen\/Aktuelles\/Eine_Stunde_im_Kniggekurs_Manieren_sind_keine_l__stige_Pflicht_article_508.html\" href=\"http:\/\/www1.malteser-essen.de\/DGS_Essen\/Aktuelles\/Eine_Stunde_im_Kniggekurs_Manieren_sind_keine_l__stige_Pflicht_article_508.html\">Benimmkurse<\/a> anzubieten und dabei auch \u00fcber M\u00f6glichkeiten ehrenamtlicher Mitarbeit in einer Hilfsorganisation zu informieren.<\/p>\n<p>&nbsp;<\/p>\n","protected":false},"excerpt":{"rendered":"<div class=\"tmnf_excerpt\"><p>K\u00f6ln\/Marburg\/Berlin. Der Erste Platz des F\u00f6rderpreises \u201eHelfende Hand\u201c geht an die Malteser im Bistum Fulda. Mit einem Reanimationsweltrekord gewannen die Marburger Malteser den ersten Platz in der Kategorie \u201eInnovative Konzepte\u201c &#8211; und ein Preisgeld in H\u00f6he von 7.500 Euro.<\/p>\n<\/div>","protected":false},"author":1,"featured_media":0,"comment_status":"closed","ping_status":"closed","sticky":false,"template":"","format":"standard","meta":{"footnotes":""},"categories":[1,51,78],"tags":[],"class_list":["post-104646","post","type-post","status-publish","format-standard","hentry","category-startseite","category-medizin","category-topthema"],"_links":{"self":[{"href":"https:\/\/www.fuldaernachrichten.de\/index.php?rest_route=\/wp\/v2\/posts\/104646","targetHints":{"allow":["GET"]}}],"collection":[{"href":"https:\/\/www.fuldaernachrichten.de\/index.php?rest_route=\/wp\/v2\/posts"}],"about":[{"href":"https:\/\/www.fuldaernachrichten.de\/index.php?rest_route=\/wp\/v2\/types\/post"}],"author":[{"embeddable":true,"href":"https:\/\/www.fuldaernachrichten.de\/index.php?rest_route=\/wp\/v2\/users\/1"}],"replies":[{"embeddable":true,"href":"https:\/\/www.fuldaernachrichten.de\/index.php?rest_route=%2Fwp%2Fv2%2Fcomments&post=104646"}],"version-history":[{"count":1,"href":"https:\/\/www.fuldaernachrichten.de\/index.php?rest_route=\/wp\/v2\/posts\/104646\/revisions"}],"predecessor-version":[{"id":104649,"href":"https:\/\/www.fuldaernachrichten.de\/index.php?rest_route=\/wp\/v2\/posts\/104646\/revisions\/104649"}],"wp:attachment":[{"href":"https:\/\/www.fuldaernachrichten.de\/index.php?rest_route=%2Fwp%2Fv2%2Fmedia&parent=104646"}],"wp:term":[{"taxonomy":"category","embeddable":true,"href":"https:\/\/www.fuldaernachrichten.de\/index.php?rest_route=%2Fwp%2Fv2%2Fcategories&post=104646"},{"taxonomy":"post_tag","embeddable":true,"href":"https:\/\/www.fuldaernachrichten.de\/index.php?rest_route=%2Fwp%2Fv2%2Ftags&post=104646"}],"curies":[{"name":"wp","href":"https:\/\/api.w.org\/{rel}","templated":true}]}}