{"id":104644,"date":"2012-12-03T10:26:08","date_gmt":"2012-12-03T10:26:08","guid":{"rendered":"http:\/\/www.fuldaer-nachrichten.de\/?p=104644"},"modified":"2012-12-03T10:26:08","modified_gmt":"2012-12-03T10:26:08","slug":"die-vorbereitungen-fur-die-trendmesse-laufen-auf-vollen-touren","status":"publish","type":"post","link":"https:\/\/www.fuldaernachrichten.de\/?p=104644","title":{"rendered":"Die Vorbereitungen f\u00fcr die Trendmesse laufen auf vollen Touren"},"content":{"rendered":"<p>Fulda. Vom 21. bis 24. M\u00e4rz 2013 findet in Fulda die Trendmesse statt. Sie l\u00f6st die bisherige Baumesse ab und wird im Auftrag der Kreishandwerkerschaft Fulda durch die Ausstellungsgesellschaft Kinold mit Sitz am Bodensee durchgef\u00fchrt. Die Firma Kinold verf\u00fcgt \u00fcber erstklassige Referenzen und ist seit \u00fcber 50 Jahren bundesweit\u00c2\u00a0 im Messegesch\u00e4ft t\u00e4tig. Nach Auskunft von Firmenchef Peter Kinold sind \u00fcber 50% der Ausstellungsfl\u00e4chen vermietet und f\u00fcr den Rest liegen so viele ernst gemeinten Anfragen vor, dass diese auf jeden Fall noch vermietet werden, auch wenn nur die H\u00e4lfte dieser Anfragen dann auch tats\u00e4chlich realisiert wird.<!--more--><\/p>\n<p>Nach Auskunft der Kreishandwerkerschaft soll die Messe an Bew\u00e4hrtem ankn\u00fcpfen, gleichzeitig aber dennoch ganz anders werden.\u00c2\u00a0 Neu ist die Anordnung der Messehallen gegen\u00fcberliegend in zwei Reihen. Da auch auf der Freifl\u00e4che zwischen den beiden Hallenreihen zahlreiche Aussteller und Aktivit\u00e4ten zu finden sein werden, wird die Trendmesse Marktcharakter erhalten. Am Kopfende wird es eine runde Halle geben, in der sich das Messerestaurant befindet und Tagungs- und Eventm\u00f6glichkeiten angeboten werden.\u00c2\u00a0 Hier k\u00f6nnen beispielsweise die Aussteller ihre Kunden zu Vortr\u00e4gen und Sonderveranstaltungen einladen. Hier k\u00f6nnen sich aber auch Betriebe und Organisationen tageweise einmieten, die sich nicht einen kompletten Messeauftritt \u00fcber die gesamte Ausstellungszeit leisten k\u00f6nnen.<\/p>\n<p>Gro\u00dfes Interesse besteht f\u00fcr die Ausstellungshalle Ausbildung. Hier haben Handwerksbetriebe und Innungen die M\u00f6glichkeit, sich in Sachen Nachwuchs f\u00fcr das Handwerk zu engagieren. Mit \u201elebenden\u201c Ausbildungswerkst\u00e4tten fest dabei sind bereits die Bau-Innung, die Dachdecker-Innung, die Elektro-Innung, die\u00c2\u00a0 Kfz-Innung,\u00c2\u00a0 die Metall-Innung, die Innung f\u00fcr Sanit\u00e4r-, Heizungs- und Klimatechnik und die Zimmererinnung. Junge Leute haben in der Ausbildungshalle die M\u00f6glichkeit, die verschiedensten Berufe einfach mal ganz praktisch auszuprobieren.\u00c2\u00a0 Das Nahrungsmittelhandwerk wird in der Ausbildungshalle eine gl\u00e4serne Wurstk\u00fcche aufbauen und vor Ort auch produzieren mit der M\u00f6glichkeit zur sofortigen Verk\u00f6stigung. Ein weiteres Highlight wird der Bau eines Einfamilienhauses auf dem Freigel\u00e4nde zwischen den beiden Hallenreihen sein, das von\u00c2\u00a0 Auszubildenden verschiedenster Gewerke w\u00e4hrend der Messe errichtet wird. Die Besucher k\u00f6nnen diese realistische Baustelle nat\u00fcrlich besichtigen,\u00c2\u00a0 Eltern haften hier ausnahmsweise mal nicht f\u00fcr ihre Kinder. Gegebenenfalls k\u00f6nnen sie diese auch im Messekinderhort vorher abgeben, wo sie von ausgebildeten Erzieherinnen f\u00fcr die Zeit des Messeaufenthalts betreut werden.<\/p>\n<p>In der Halle 1 werden wie auch in der Vergangenheit die regionalen Dienstleister (Banken, Energieversorger, Arbeitsvermittler etc.) zu finden sein. So hat das kommunale Kreisjobcenter vor, Arbeitssuchende auf die Messe einzuladen und dort mit ihnen Kontakte zu\u00c2\u00a0 den Betrieben herzustellen. Eigens daf\u00fcr wird es R\u00e4umlichkeiten f\u00fcr Vorstellungsgespr\u00e4che geben. Und mit voraussichtlich \u00fcber 200 verschieden potentiellen Arbeitgebern vor Ort kann die Trendmesse vermutlich dem einen oder anderen Arbeitsuchenden eine echte Chance bieten.<\/p>\n<p>Auch das bew\u00e4hrte Messekaffee wird es wieder geben. In den weiteren Hallen werden die Themen Wohnen und Leben, Energie und energetisches Sanieren, Bauen, Mobilit\u00e4t und vieles anders mehr gezeigt. Insgesamt wird das Ambiente der gesamten Messe deutlich steigen. Die beheizten Hallen werden alle mit Fu\u00dfb\u00f6den ausgestattet. Der Messebesucher soll sich rundum wohlf\u00fchlen und zum Verweilen animiert werden. F\u00fcr die Aussteller wird es einen geselligen Ausstellerabend geben. Und sie haben die M\u00f6glichkeit, sich t\u00e4glich nach der offiziellen Besucherzeit zum After-Works-Bier zu treffen. Denn so manches gute Gesch\u00e4ft wurde schon abends an der Theke gemacht. In einem sind sich alle Beteiligten schon heute sicher: Die Trendmesse als Schaufenster des regionalen Handwerks wird zuk\u00fcnftig ein wichtiger Baustein sein, um den Messestandort Fulda zu festigen und weiter auszubauen.<\/p>\n<p><a href=\"http:\/\/www.kinold.de\">www.kinold.de<\/a><\/p>\n<p><a href=\"http:\/\/www.kh-fulda.de\">www.kh-fulda.de<\/a><\/p>\n<p><a href=\"http:\/\/www.trend-messe-fulda.de\">www.trend-messe-fulda.de<\/a><\/p>\n<p>&nbsp;<\/p>\n","protected":false},"excerpt":{"rendered":"<div class=\"tmnf_excerpt\"><p>Fulda. Vom 21. bis 24. M\u00e4rz 2013 findet in Fulda die Trendmesse statt. Sie l\u00f6st die bisherige Baumesse ab und wird im Auftrag der Kreishandwerkerschaft Fulda durch die Ausstellungsgesellschaft Kinold mit Sitz am Bodensee durchgef\u00fchrt. Die Firma Kinold verf\u00fcgt \u00fcber erstklassige Referenzen und ist seit \u00fcber 50 Jahren bundesweit\u00c2\u00a0 im Messegesch\u00e4ft t\u00e4tig. Nach Auskunft von &hellip;<\/p>\n<\/div>","protected":false},"author":1,"featured_media":0,"comment_status":"closed","ping_status":"closed","sticky":false,"template":"","format":"standard","meta":{"footnotes":""},"categories":[1,29],"tags":[],"class_list":["post-104644","post","type-post","status-publish","format-standard","hentry","category-startseite","category-politik"],"_links":{"self":[{"href":"https:\/\/www.fuldaernachrichten.de\/index.php?rest_route=\/wp\/v2\/posts\/104644","targetHints":{"allow":["GET"]}}],"collection":[{"href":"https:\/\/www.fuldaernachrichten.de\/index.php?rest_route=\/wp\/v2\/posts"}],"about":[{"href":"https:\/\/www.fuldaernachrichten.de\/index.php?rest_route=\/wp\/v2\/types\/post"}],"author":[{"embeddable":true,"href":"https:\/\/www.fuldaernachrichten.de\/index.php?rest_route=\/wp\/v2\/users\/1"}],"replies":[{"embeddable":true,"href":"https:\/\/www.fuldaernachrichten.de\/index.php?rest_route=%2Fwp%2Fv2%2Fcomments&post=104644"}],"version-history":[{"count":0,"href":"https:\/\/www.fuldaernachrichten.de\/index.php?rest_route=\/wp\/v2\/posts\/104644\/revisions"}],"wp:attachment":[{"href":"https:\/\/www.fuldaernachrichten.de\/index.php?rest_route=%2Fwp%2Fv2%2Fmedia&parent=104644"}],"wp:term":[{"taxonomy":"category","embeddable":true,"href":"https:\/\/www.fuldaernachrichten.de\/index.php?rest_route=%2Fwp%2Fv2%2Fcategories&post=104644"},{"taxonomy":"post_tag","embeddable":true,"href":"https:\/\/www.fuldaernachrichten.de\/index.php?rest_route=%2Fwp%2Fv2%2Ftags&post=104644"}],"curies":[{"name":"wp","href":"https:\/\/api.w.org\/{rel}","templated":true}]}}